{"id":68480,"date":"2025-06-15T16:00:27","date_gmt":"2025-06-15T22:00:27","guid":{"rendered":"https:\/\/encuentroinformativo.com.mx\/?p=68480"},"modified":"2025-06-15T16:00:27","modified_gmt":"2025-06-15T22:00:27","slug":"me-torturaron-y-me-destruyeron-la-vida-denuncia-julian-lastra","status":"publish","type":"post","link":"https:\/\/encuentroinformativo.com.mx\/?p=68480","title":{"rendered":"Me torturaron y me destruyeron la vida, denuncia Juli\u00e1n Lastra"},"content":{"rendered":"<p><strong>Alejandro \u00c1vila<\/strong><\/p>\n<p>Veracruz, Ver.- En arraigo domiciliario Juli\u00e1n Lastra denuncia la destrucci\u00f3n de su vida, y pide el apoyo de las autoridades judiciales para agilizar los juicios que demuestren su inocencia.<\/p>\n<p>En febrero del 2022 fue detenido arbitrariamente y puesto a disposici\u00f3n de la Fiscal\u00eda de Veracruz por el presunto delito de secuestro, il\u00edcito que niega haber cometido, aunque a ra\u00edz de lo sucedido ha sufrido innumerables situaciones de tortura.<\/p>\n<p>&#8220;Nunca se identificaron, ni dec\u00edan si eran Ministeriales o Polic\u00edas, hasta que entramos a la Unidad Antisecuestros me dicen que tengo derecho a guardar silencio, pero ya bien transcurrido 7, 8 o 9 horas (&#8230;) me ten\u00edan amarrado, esposado mirando el piso de la camioneta, estaban dando vueltas nada m\u00e1s deten\u00edan la unidad y dec\u00edan que me iba a cargar la madre, palabras obscenas. Ya cuando me hacen la vinculaci\u00f3n a proceso me internan en el Penalito, ah\u00ed llegan al d\u00eda siguiente le piden al licenciado encargado del Penalito que les d\u00e9 servicio, ah\u00ed entran me empiezan a golpear para que yo acepte que hice el secuestro, le dije que no y vuelven a regresar otro d\u00eda&#8221;, relat\u00f3.<\/p>\n<p>Juli\u00e1n estuvo m\u00e1s de dos a\u00f1os en prisi\u00f3n preventiva y, actualmente se encuentra bajo arraigo domiciliario, sin que hasta el momento se le haya dado una fecha para su juicio, pues aseg\u00farate de las pruebas que demuestran su inocencia.<\/p>\n<p>&#8220;Ya llevo dos a\u00f1os tres meses que se acab\u00f3 la intermedia, la fase de investigaci\u00f3n, llevo 12 audiencias canceladas por parte del jefe de fiscales, no queri\u00e9ndome abrir la audiencia de juicio, incluso ahorita perdieron mi expediente, estuvo perdido por 8 meses, las audiencias est\u00e1n perdidas, en el cambio de medida cautelar la fiscal\u00eda se presenta con puras pruebas falsas, ponen a unas personas haci\u00e9ndose pasar por la v\u00edctima, el Juez se da cuenta que no es la v\u00edctima, que son terceras personas&#8221;, expres\u00f3.<\/p>\n<p>Debido a esta situaci\u00f3n donde tambi\u00e9n se violentaron sus Derechos Humanos, Juli\u00e1n Lastra pide el apoyo de la gobernadora, Roc\u00edo Nahle Garc\u00eda.<\/p>\n","protected":false},"excerpt":{"rendered":"<p>Alejandro \u00c1vila Veracruz, Ver.- En arraigo domiciliario Juli\u00e1n Lastra denuncia la destrucci\u00f3n de su vida, y pide el apoyo de las autoridades judiciales para agilizar los juicios que demuestren su inocencia. En febrero del 2022 fue detenido arbitrariamente y puesto a disposici\u00f3n de la Fiscal\u00eda de Veracruz por el presunto delito de secuestro, il\u00edcito que [&hellip;]<\/p>\n","protected":false},"author":2476,"featured_media":68481,"comment_status":"open","ping_status":"open","sticky":false,"template":"","format":"standard","meta":{"_jetpack_memberships_contains_paid_content":false,"footnotes":""},"categories":[2],"tags":[],"class_list":["post-68480","post","type-post","status-publish","format-standard","has-post-thumbnail","hentry","category-estado"],"jetpack_featured_media_url":"https:\/\/encuentroinformativo.com.mx\/wp-content\/uploads\/2025\/06\/IMG-20250615-WA0073.jpg","jetpack_sharing_enabled":true,"jetpack_likes_enabled":true,"amp_enabled":true,"_links":{"self":[{"href":"https:\/\/encuentroinformativo.com.mx\/index.php?rest_route=\/wp\/v2\/posts\/68480","targetHints":{"allow":["GET"]}}],"collection":[{"href":"https:\/\/encuentroinformativo.com.mx\/index.php?rest_route=\/wp\/v2\/posts"}],"about":[{"href":"https:\/\/encuentroinformativo.com.mx\/index.php?rest_route=\/wp\/v2\/types\/post"}],"author":[{"embeddable":true,"href":"https:\/\/encuentroinformativo.com.mx\/index.php?rest_route=\/wp\/v2\/users\/2476"}],"replies":[{"embeddable":true,"href":"https:\/\/encuentroinformativo.com.mx\/index.php?rest_route=%2Fwp%2Fv2%2Fcomments&post=68480"}],"version-history":[{"count":1,"href":"https:\/\/encuentroinformativo.com.mx\/index.php?rest_route=\/wp\/v2\/posts\/68480\/revisions"}],"predecessor-version":[{"id":68482,"href":"https:\/\/encuentroinformativo.com.mx\/index.php?rest_route=\/wp\/v2\/posts\/68480\/revisions\/68482"}],"wp:featuredmedia":[{"embeddable":true,"href":"https:\/\/encuentroinformativo.com.mx\/index.php?rest_route=\/wp\/v2\/media\/68481"}],"wp:attachment":[{"href":"https:\/\/encuentroinformativo.com.mx\/index.php?rest_route=%2Fwp%2Fv2%2Fmedia&parent=68480"}],"wp:term":[{"taxonomy":"category","embeddable":true,"href":"https:\/\/encuentroinformativo.com.mx\/index.php?rest_route=%2Fwp%2Fv2%2Fcategories&post=68480"},{"taxonomy":"post_tag","embeddable":true,"href":"https:\/\/encuentroinformativo.com.mx\/index.php?rest_route=%2Fwp%2Fv2%2Ftags&post=68480"}],"curies":[{"name":"wp","href":"https:\/\/api.w.org\/{rel}","templated":true}]}}