{"id":68483,"date":"2025-06-15T16:02:46","date_gmt":"2025-06-15T22:02:46","guid":{"rendered":"https:\/\/encuentroinformativo.com.mx\/?p=68483"},"modified":"2025-06-15T16:02:46","modified_gmt":"2025-06-15T22:02:46","slug":"lesiones-de-gravedad-a-motociclista-con-discapacidad-en-cordoba","status":"publish","type":"post","link":"https:\/\/encuentroinformativo.com.mx\/?p=68483","title":{"rendered":"Lesiones de gravedad a motociclista con discapacidad en C\u00f3rdoba"},"content":{"rendered":"<p><strong>Alejandro \u00c1vila<\/strong><\/p>\n<p>C\u00f3rdoba, Ver.- Un motociclista que tiene una condici\u00f3n de discapacidad result\u00f3 severamente lesionado tras el intento de robo de su unidad mientras cargaba combustible en una gasolinera.<\/p>\n<p>Los hechos ocurrieron la tarde de este domingo 15 de junio cerca del Mercado &#8220;La Isla&#8221;, cuando el motociclista fue agredido por un sujeto que intentaba robarle su veh\u00edculo.<\/p>\n<p>Gracias a la pronta intervenci\u00f3n de la Polic\u00eda Municipal el violento agresor fue detenido, mientras que el motociclista lesionado fue atendido minutos despu\u00e9s por param\u00e9dicos de la Cruz Roja y trasladado a un hospital.<\/p>\n<p>El detenido fue trasladado a las instalaciones del Mando \u00danico, Delegaci\u00f3n XII en C\u00f3rdoba, donde qued\u00f3 a disposici\u00f3n de la Fiscal\u00eda Regional para enfrentar cargos por tentativa de robo y lesiones.<\/p>\n","protected":false},"excerpt":{"rendered":"<p>Alejandro \u00c1vila C\u00f3rdoba, Ver.- Un motociclista que tiene una condici\u00f3n de discapacidad result\u00f3 severamente lesionado tras el intento de robo de su unidad mientras cargaba combustible en una gasolinera. Los hechos ocurrieron la tarde de este domingo 15 de junio cerca del Mercado &#8220;La Isla&#8221;, cuando el motociclista fue agredido por un sujeto que intentaba [&hellip;]<\/p>\n","protected":false},"author":2476,"featured_media":68484,"comment_status":"open","ping_status":"open","sticky":false,"template":"","format":"standard","meta":{"_jetpack_memberships_contains_paid_content":false,"footnotes":""},"categories":[2],"tags":[],"class_list":["post-68483","post","type-post","status-publish","format-standard","has-post-thumbnail","hentry","category-estado"],"jetpack_featured_media_url":"https:\/\/encuentroinformativo.com.mx\/wp-content\/uploads\/2025\/06\/IMG-20250615-WA0054.jpg","jetpack_sharing_enabled":true,"jetpack_likes_enabled":true,"amp_enabled":true,"_links":{"self":[{"href":"https:\/\/encuentroinformativo.com.mx\/index.php?rest_route=\/wp\/v2\/posts\/68483","targetHints":{"allow":["GET"]}}],"collection":[{"href":"https:\/\/encuentroinformativo.com.mx\/index.php?rest_route=\/wp\/v2\/posts"}],"about":[{"href":"https:\/\/encuentroinformativo.com.mx\/index.php?rest_route=\/wp\/v2\/types\/post"}],"author":[{"embeddable":true,"href":"https:\/\/encuentroinformativo.com.mx\/index.php?rest_route=\/wp\/v2\/users\/2476"}],"replies":[{"embeddable":true,"href":"https:\/\/encuentroinformativo.com.mx\/index.php?rest_route=%2Fwp%2Fv2%2Fcomments&post=68483"}],"version-history":[{"count":1,"href":"https:\/\/encuentroinformativo.com.mx\/index.php?rest_route=\/wp\/v2\/posts\/68483\/revisions"}],"predecessor-version":[{"id":68485,"href":"https:\/\/encuentroinformativo.com.mx\/index.php?rest_route=\/wp\/v2\/posts\/68483\/revisions\/68485"}],"wp:featuredmedia":[{"embeddable":true,"href":"https:\/\/encuentroinformativo.com.mx\/index.php?rest_route=\/wp\/v2\/media\/68484"}],"wp:attachment":[{"href":"https:\/\/encuentroinformativo.com.mx\/index.php?rest_route=%2Fwp%2Fv2%2Fmedia&parent=68483"}],"wp:term":[{"taxonomy":"category","embeddable":true,"href":"https:\/\/encuentroinformativo.com.mx\/index.php?rest_route=%2Fwp%2Fv2%2Fcategories&post=68483"},{"taxonomy":"post_tag","embeddable":true,"href":"https:\/\/encuentroinformativo.com.mx\/index.php?rest_route=%2Fwp%2Fv2%2Ftags&post=68483"}],"curies":[{"name":"wp","href":"https:\/\/api.w.org\/{rel}","templated":true}]}}