{"id":68486,"date":"2025-06-15T16:06:08","date_gmt":"2025-06-15T22:06:08","guid":{"rendered":"https:\/\/encuentroinformativo.com.mx\/?p=68486"},"modified":"2025-06-15T16:06:08","modified_gmt":"2025-06-15T22:06:08","slug":"exrectores-de-la-uv-emiten-segundo-pronunciamiento-y-alertan-sobre-intento-de-prorroga-ilegal-del-rector","status":"publish","type":"post","link":"https:\/\/encuentroinformativo.com.mx\/?p=68486","title":{"rendered":"Exrectores de la UV emiten segundo pronunciamiento y alertan sobre intento de pr\u00f3rroga ilegal del rector"},"content":{"rendered":"<p>Xalapa, Ver.- A menos de un mes de haber lanzado una primera alerta p\u00fablica, los exrectores de la Universidad Veracruzana (UV) V\u00edctor Arredondo \u00c1lvarez, Ra\u00fal Arias Lovillo y Sara Ladr\u00f3n de Guevara emitieron este fin de semana un segundo pronunciamiento en defensa de la legalidad y la autonom\u00eda universitaria. En \u00e9l, reiteran su rechazo a la petici\u00f3n del actual rector, Mart\u00edn Aguilar S\u00e1nchez, para extender su mandato mediante una pr\u00f3rroga que consideran abiertamente contraria a la normatividad vigente.<\/p>\n<p>Este nuevo posicionamiento se da luego de que, el pasado 29 de mayo, los exrectores alertaran que el rector intentaba valerse de un subterfugio legal para mantenerse en el cargo, a pesar de rebasar el l\u00edmite de edad establecido por la Ley de Autonom\u00eda y el reglamento de la Junta de Gobierno. Desde entonces, aseguran, en lugar de atender el llamado a respetar la ley, las acciones de la rector\u00eda y de la Junta de Gobierno han profundizado la crisis institucional.<\/p>\n<p>\u201cEl Dr. Mart\u00edn Aguilar solicit\u00f3 a la Junta de Gobierno una pr\u00f3rroga autom\u00e1tica por cuatro a\u00f1os, lo que constituye una severa transgresi\u00f3n legal\u201d, se\u00f1alaron, al tiempo que denunciaron que el \u00f3rgano encargado de designar a la persona titular de la rector\u00eda abri\u00f3 una consulta a la comunidad universitaria que no est\u00e1 prevista en la legislaci\u00f3n.<\/p>\n<p>Los exrectores recordaron que el propio Aguilar S\u00e1nchez ya hab\u00eda intentado modificar la Ley Org\u00e1nica para eliminar el art\u00edculo que lo inhabilita por edad, una propuesta que fue retirada ante su inminente rechazo en el Congreso local. \u201cEste antecedente confirma que se trata de una intenci\u00f3n personal, no institucional, por permanecer en el cargo a toda costa\u201d, subrayaron.<\/p>\n<p>Tambi\u00e9n advirtieron que la Junta de Gobierno sigue sin dar explicaciones por la reciente renuncia de la Mar\u00eda Ang\u00e9lica Buend\u00eda Espinosa, ni ha procedido a su reemplazo conforme a la norma.<\/p>\n<p>En este segundo pronunciamiento, los exrectores hacen un llamado directo a la comunidad universitaria de la UV, al resto de las universidades p\u00fablicas del pa\u00eds y a la opini\u00f3n p\u00fablica nacional para sumar voces en defensa de la autonom\u00eda, la transparencia y la legalidad.<\/p>\n<p>Exigen que:<br \/>\n1. Se respete la ley y la autonom\u00eda universitaria.<br \/>\n2. Se rechace la pr\u00f3rroga solicitada por el rector.<br \/>\n3. Se emita de inmediato la convocatoria formal para el relevo rectoral, conforme al art\u00edculo 8 de la Ley de Autonom\u00eda.<br \/>\n4. No se excluya a aspirantes leg\u00edtimos ni se imponga un proceso opaco.<br \/>\n5. La Junta de Gobierno reafirme su independencia y compromiso con la legalidad.<\/p>\n<p>\u201cLa autonom\u00eda no se pone en tela de juicio: se ejerce. La legalidad no se interpreta por quien no tiene esa atribuci\u00f3n legal: se cumple\u201d, concluyen los exrectores.<\/p>\n<p>Con este segundo y categ\u00f3rico llamado, los exrectores reafirman su compromiso con la Universidad Veracruzana y advierten que lo que est\u00e1 en juego no es un cargo, sino el respeto a las normas que sostienen la vida democr\u00e1tica de la instituci\u00f3n.<\/p>\n","protected":false},"excerpt":{"rendered":"<p>Xalapa, Ver.- A menos de un mes de haber lanzado una primera alerta p\u00fablica, los exrectores de la Universidad Veracruzana (UV) V\u00edctor Arredondo \u00c1lvarez, Ra\u00fal Arias Lovillo y Sara Ladr\u00f3n de Guevara emitieron este fin de semana un segundo pronunciamiento en defensa de la legalidad y la autonom\u00eda universitaria. En \u00e9l, reiteran su rechazo a [&hellip;]<\/p>\n","protected":false},"author":2476,"featured_media":30775,"comment_status":"open","ping_status":"open","sticky":false,"template":"","format":"standard","meta":{"_jetpack_memberships_contains_paid_content":false,"footnotes":""},"categories":[2],"tags":[],"class_list":["post-68486","post","type-post","status-publish","format-standard","has-post-thumbnail","hentry","category-estado"],"jetpack_featured_media_url":"https:\/\/encuentroinformativo.com.mx\/wp-content\/uploads\/2022\/08\/48D251C5-88D0-42DB-89D1-505A6026C155.jpeg","jetpack_sharing_enabled":true,"jetpack_likes_enabled":true,"amp_enabled":true,"_links":{"self":[{"href":"https:\/\/encuentroinformativo.com.mx\/index.php?rest_route=\/wp\/v2\/posts\/68486","targetHints":{"allow":["GET"]}}],"collection":[{"href":"https:\/\/encuentroinformativo.com.mx\/index.php?rest_route=\/wp\/v2\/posts"}],"about":[{"href":"https:\/\/encuentroinformativo.com.mx\/index.php?rest_route=\/wp\/v2\/types\/post"}],"author":[{"embeddable":true,"href":"https:\/\/encuentroinformativo.com.mx\/index.php?rest_route=\/wp\/v2\/users\/2476"}],"replies":[{"embeddable":true,"href":"https:\/\/encuentroinformativo.com.mx\/index.php?rest_route=%2Fwp%2Fv2%2Fcomments&post=68486"}],"version-history":[{"count":1,"href":"https:\/\/encuentroinformativo.com.mx\/index.php?rest_route=\/wp\/v2\/posts\/68486\/revisions"}],"predecessor-version":[{"id":68487,"href":"https:\/\/encuentroinformativo.com.mx\/index.php?rest_route=\/wp\/v2\/posts\/68486\/revisions\/68487"}],"wp:featuredmedia":[{"embeddable":true,"href":"https:\/\/encuentroinformativo.com.mx\/index.php?rest_route=\/wp\/v2\/media\/30775"}],"wp:attachment":[{"href":"https:\/\/encuentroinformativo.com.mx\/index.php?rest_route=%2Fwp%2Fv2%2Fmedia&parent=68486"}],"wp:term":[{"taxonomy":"category","embeddable":true,"href":"https:\/\/encuentroinformativo.com.mx\/index.php?rest_route=%2Fwp%2Fv2%2Fcategories&post=68486"},{"taxonomy":"post_tag","embeddable":true,"href":"https:\/\/encuentroinformativo.com.mx\/index.php?rest_route=%2Fwp%2Fv2%2Ftags&post=68486"}],"curies":[{"name":"wp","href":"https:\/\/api.w.org\/{rel}","templated":true}]}}