{"id":68505,"date":"2025-06-16T12:28:37","date_gmt":"2025-06-16T18:28:37","guid":{"rendered":"https:\/\/encuentroinformativo.com.mx\/?p=68505"},"modified":"2025-06-16T12:28:37","modified_gmt":"2025-06-16T18:28:37","slug":"adultos-no-deben-normalizar-maltrato-a-menores-desarrollo-y-planeacion","status":"publish","type":"post","link":"https:\/\/encuentroinformativo.com.mx\/?p=68505","title":{"rendered":"Adultos no deben normalizar maltrato a menores: Desarrollo y Planeaci\u00f3n"},"content":{"rendered":"<p><strong>Dar\u00edo Pale<\/strong><\/p>\n<p>Xalapa, Ver.- Felicitas Casta\u00f1eda S\u00e1nchez directora ejecutiva de la asociaci\u00f3n \u201cDesarrollo y Planeaci\u00f3n\u201d, dio a conocer que lamentablemente los adultos est\u00e1n normalizando el maltrato a los menores al hablarles y decirles cosas con insultos.<\/p>\n<p>Dieron a conocer que, \u201clo que sucede es que nosotros, como adultos, muchas veces estamos normalizando ese maltrato, el hablarles, el decirles a los ni\u00f1os, por ejemplo, es que eres un tonto, t\u00fa no sabes esto, no est\u00e1s haciendo lo otro, desde ah\u00ed ya hay una agresi\u00f3n, entonces, nuestra asociaci\u00f3n lo que est\u00e1 tratando de hacer es este fortalecimiento del tejido social<br \/>\nen los cuatro aspectos del desarrollo social sostenible, la cultura, la educaci\u00f3n, la salud y las instituciones\u201d.<\/p>\n<p>Est\u00e1n trabajando para compartir los avances cient\u00edficos para que con base en ellos trabajen en conjunto con ellos en soluciones para evitar esta violencia en contra de la familia, de los ni\u00f1os, de los adolescentes, de las ni\u00f1as.<\/p>\n<p>Coment\u00f3 que consultan algunas estad\u00edsticas difundidas en internet, pero ese es precisamente el objetivo de darse a conocer como asociaci\u00f3n, para establecer relaci\u00f3n con instituciones, ya tuvieron un acercamiento con la licenciada Ruth Valverde, que es la procuradora de ni\u00f1as, de la Procuradur\u00eda Municipal de Ni\u00f1as, Ni\u00f1os y Adolescentes, para ponerse en contacto con ella y decirle que quieren trabajar con ellos.<\/p>\n<p>Por otra parte Claudia Figueroa Garc\u00eda dijo que, estamos viviendo en un mundo muy cambiante, ya que algo que en un momento funciona muy bien pol\u00edticamente, d\u00edas despu\u00e9s ya no, econ\u00f3micamente estamos en una situaci\u00f3n muy similar, la econom\u00eda est\u00e1 estable un d\u00eda, al d\u00eda siguiente todo cambia.<\/p>\n<p>\u201cParece que los valores son la misma situaci\u00f3n, los valores que un d\u00eda sosten\u00eda nuestra sociedad a los d\u00edas siguientes cambian y no deber\u00eda ser as\u00ed, los valores, los principios deben seguir siendo la base de nuestra sociedad para poder criar a ni\u00f1os seguros\u201d, coment\u00f3.<\/p>\n<p>Dijo que un ni\u00f1o que ha sufrido maltrato no tiene estabilidad neuronal para poder adquirir los conocimientos o los aprendizajes necesarios para su vida, desafortunadamente algo que est\u00e1 pasando en nuestra sociedad es que el t\u00edtulo de padre o madre est\u00e1 perdiendo valor y entonces no estamos viendo el ser padres o madres como un privilegio y una responsabilidad que tenemos en esta vida.<\/p>\n<p>\u201cLos ni\u00f1os, hay un maltrato silencioso que es indiferencia y se est\u00e1 viviendo mucho en nuestra sociedad. Actualmente ejerzo como maestra todav\u00eda, y he podido ver el cambio en 10 a\u00f1os muy marcado, nuestros ni\u00f1os est\u00e1n cambiando en su forma de aprender porque pasan mucho tiempo solos cambiando de una pantalla a otra porque se ha perdido autoridad como padres y porque se ha perdido el amor\u201d, se\u00f1al\u00f3.<\/p>\n<p>\u201cEl amor es tambi\u00e9n disciplina, el amor tambi\u00e9n es ense\u00f1ar y como padres hemos perdido mucho eso, pero permitimos que alguien m\u00e1s eduque a nuestros hijos, incluyendo toda la informaci\u00f3n que ellos pueden obtener por medio de un celular, y la estabilidad emocional de los ni\u00f1os ha sido vulnerable para poder adquirir los aprendizajes que les permiten un desarrollo\u201d, agreg\u00f3.<\/p>\n<p>Dio a conocer que los maestros est\u00e1n abordando este tema con los padres, pero muchos maestros lo hacen de manera personal y por vocaci\u00f3n, pero tampoco porque est\u00e9 abiertamente estructurado en nuestros planes y programas de estudio, \u201ccreo que s\u00ed necesitamos ah\u00ed todav\u00eda mucho campo de mejora, mucha oportunidad\u201d.<\/p>\n<p>Hay situaciones muy dif\u00edciles ya que como maestros tambi\u00e9n muchas veces se ven en una posici\u00f3n dif\u00edcil porque a veces, como padres no est\u00e1n asumiendo su responsabilidad y cuando como maestros quieren marcar un lineamiento, pareciera que los padres no est\u00e1n en algunas ocasiones dispuestos o incluso los culparan.<\/p>\n<p>Finalmente coment\u00f3 que, \u201cpareciera que a veces hemos perdido el asumir nuestro deber y a veces culpamos a los padres y a veces los padres culpamos a los maestros y no asumimos el rol que cada quien deber\u00edamos tomar en muchas de las ocasiones\u201d, acus\u00f3.<\/p>\n","protected":false},"excerpt":{"rendered":"<p>Dar\u00edo Pale Xalapa, Ver.- Felicitas Casta\u00f1eda S\u00e1nchez directora ejecutiva de la asociaci\u00f3n \u201cDesarrollo y Planeaci\u00f3n\u201d, dio a conocer que lamentablemente los adultos est\u00e1n normalizando el maltrato a los menores al hablarles y decirles cosas con insultos. Dieron a conocer que, \u201clo que sucede es que nosotros, como adultos, muchas veces estamos normalizando ese maltrato, el [&hellip;]<\/p>\n","protected":false},"author":2476,"featured_media":68506,"comment_status":"open","ping_status":"open","sticky":false,"template":"","format":"standard","meta":{"_jetpack_memberships_contains_paid_content":false,"footnotes":""},"categories":[3],"tags":[],"class_list":["post-68505","post","type-post","status-publish","format-standard","has-post-thumbnail","hentry","category-xalapa"],"jetpack_featured_media_url":"https:\/\/encuentroinformativo.com.mx\/wp-content\/uploads\/2025\/06\/IMG-20250616-WA0068.jpg","jetpack_sharing_enabled":true,"jetpack_likes_enabled":true,"amp_enabled":true,"_links":{"self":[{"href":"https:\/\/encuentroinformativo.com.mx\/index.php?rest_route=\/wp\/v2\/posts\/68505","targetHints":{"allow":["GET"]}}],"collection":[{"href":"https:\/\/encuentroinformativo.com.mx\/index.php?rest_route=\/wp\/v2\/posts"}],"about":[{"href":"https:\/\/encuentroinformativo.com.mx\/index.php?rest_route=\/wp\/v2\/types\/post"}],"author":[{"embeddable":true,"href":"https:\/\/encuentroinformativo.com.mx\/index.php?rest_route=\/wp\/v2\/users\/2476"}],"replies":[{"embeddable":true,"href":"https:\/\/encuentroinformativo.com.mx\/index.php?rest_route=%2Fwp%2Fv2%2Fcomments&post=68505"}],"version-history":[{"count":1,"href":"https:\/\/encuentroinformativo.com.mx\/index.php?rest_route=\/wp\/v2\/posts\/68505\/revisions"}],"predecessor-version":[{"id":68507,"href":"https:\/\/encuentroinformativo.com.mx\/index.php?rest_route=\/wp\/v2\/posts\/68505\/revisions\/68507"}],"wp:featuredmedia":[{"embeddable":true,"href":"https:\/\/encuentroinformativo.com.mx\/index.php?rest_route=\/wp\/v2\/media\/68506"}],"wp:attachment":[{"href":"https:\/\/encuentroinformativo.com.mx\/index.php?rest_route=%2Fwp%2Fv2%2Fmedia&parent=68505"}],"wp:term":[{"taxonomy":"category","embeddable":true,"href":"https:\/\/encuentroinformativo.com.mx\/index.php?rest_route=%2Fwp%2Fv2%2Fcategories&post=68505"},{"taxonomy":"post_tag","embeddable":true,"href":"https:\/\/encuentroinformativo.com.mx\/index.php?rest_route=%2Fwp%2Fv2%2Ftags&post=68505"}],"curies":[{"name":"wp","href":"https:\/\/api.w.org\/{rel}","templated":true}]}}