{"id":68518,"date":"2025-06-16T15:13:44","date_gmt":"2025-06-16T21:13:44","guid":{"rendered":"https:\/\/encuentroinformativo.com.mx\/?p=68518"},"modified":"2025-06-16T15:13:44","modified_gmt":"2025-06-16T21:13:44","slug":"habria-eleccion-extraordinaria-para-diputacion-local-de-tuxpan-gobernadora","status":"publish","type":"post","link":"https:\/\/encuentroinformativo.com.mx\/?p=68518","title":{"rendered":"Habr\u00eda elecci\u00f3n extraordinaria para diputaci\u00f3n local de Tuxpan: Gobernadora"},"content":{"rendered":"<p><strong>Dar\u00edo Pale<\/strong><\/p>\n<p>Xalapa, Ver.- La gobernadora Norma Roc\u00edo Nahle Garc\u00eda dio a conocer que si la Ley lo marca habr\u00e1 elecciones extraordinarias para elegir diputado en Tuxpan ya que tanto el titular como la suplente tomar\u00e1n protesta como alcaldes.<\/p>\n<p>En conferencia de prensa coment\u00f3 que, \u201cvamos a hablar con el Congreso porque tenemos que cumplir la Ley, si la Ley dice que se requiere ir a una extraordinaria, vamos a una extraordinaria, sin problema y se ven las fechas, las comisiones y se van\u201d.<\/p>\n<p>Lo anterior se da pese a que el presidente de la Junta de Coordinaci\u00f3n Pol\u00edtica del Congreso del Estado (JUCOPO), Esteban Bautista Hern\u00e1ndez, expres\u00f3 que no pasaba nada y que no habr\u00eda proceso electoral extraordinario para elegir al diputado o diputada de Tuxpan, luego de que tanto el titular como la suplente ganaran las elecciones municipales.<\/p>\n<p>Dijo que tanto Daniel Cortina Mart\u00ednez, quien era el diputado titular de Tuxpan, como Citlali Medell\u00edn Careaga, su suplente, deben tomar posesi\u00f3n como alcaldes, por lo que Bautista Hern\u00e1ndez expres\u00f3 hace unos d\u00edas que no pasaba nada si se quedaban sin una curul.<\/p>\n<p>\u201cNo pasa nada, nosotros tenemos mayor\u00eda calificada, se puede perder ese espacio, acabamos de pasar un proceso electoral, ir a otro proceso no es viable\u201d, expres\u00f3 ante la pregunta de si ser\u00eda posible realizar una elecci\u00f3n extraordinaria para elegir al diputado por Tuxpan.<\/p>\n<p>Incluso adelant\u00f3 que esta semana que est\u00e1 iniciando se les sumar\u00eda una diputada m\u00e1s a la bancada de Morena, ah\u00ed neg\u00f3 que la bancada de su partido vaya a tener sobrerepresentaci\u00f3n.<\/p>\n<p>\u201cNo pasa nada, esto va a continuar, tenemos mayor\u00eda. Hasta ahorita somos 30, se pasaron dos, yo creo que estar\u00edamos hablando de 32 porque perder\u00edamos uno. Yo platiqu\u00e9 con los compa\u00f1eros, me dicen que no pasa nada, ah\u00ed se queda\u201d, coment\u00f3<\/p>\n<p>Finalmente expres\u00f3 y defini\u00f3 que en total esta Legislatura tendr\u00e1 49 diputados y diputadas por lo que recalc\u00f3 que al dialogar con los dem\u00e1s integrantes de su partido analizaron que ser\u00eda complicado ir a un proceso extraordinario por los tiempos, no por falta de recursos, \u201cno hay ning\u00fan pero&#8230;cualquier asunto que saquemos ser\u00e1 del dominio p\u00fablico\u201d.<\/p>\n","protected":false},"excerpt":{"rendered":"<p>Dar\u00edo Pale Xalapa, Ver.- La gobernadora Norma Roc\u00edo Nahle Garc\u00eda dio a conocer que si la Ley lo marca habr\u00e1 elecciones extraordinarias para elegir diputado en Tuxpan ya que tanto el titular como la suplente tomar\u00e1n protesta como alcaldes. En conferencia de prensa coment\u00f3 que, \u201cvamos a hablar con el Congreso porque tenemos que cumplir [&hellip;]<\/p>\n","protected":false},"author":2476,"featured_media":68519,"comment_status":"open","ping_status":"open","sticky":false,"template":"","format":"standard","meta":{"_jetpack_memberships_contains_paid_content":false,"footnotes":""},"categories":[2],"tags":[],"class_list":["post-68518","post","type-post","status-publish","format-standard","has-post-thumbnail","hentry","category-estado"],"jetpack_featured_media_url":"https:\/\/encuentroinformativo.com.mx\/wp-content\/uploads\/2025\/06\/IMG-20250616-WA0162.jpg","jetpack_sharing_enabled":true,"jetpack_likes_enabled":true,"amp_enabled":true,"_links":{"self":[{"href":"https:\/\/encuentroinformativo.com.mx\/index.php?rest_route=\/wp\/v2\/posts\/68518","targetHints":{"allow":["GET"]}}],"collection":[{"href":"https:\/\/encuentroinformativo.com.mx\/index.php?rest_route=\/wp\/v2\/posts"}],"about":[{"href":"https:\/\/encuentroinformativo.com.mx\/index.php?rest_route=\/wp\/v2\/types\/post"}],"author":[{"embeddable":true,"href":"https:\/\/encuentroinformativo.com.mx\/index.php?rest_route=\/wp\/v2\/users\/2476"}],"replies":[{"embeddable":true,"href":"https:\/\/encuentroinformativo.com.mx\/index.php?rest_route=%2Fwp%2Fv2%2Fcomments&post=68518"}],"version-history":[{"count":1,"href":"https:\/\/encuentroinformativo.com.mx\/index.php?rest_route=\/wp\/v2\/posts\/68518\/revisions"}],"predecessor-version":[{"id":68520,"href":"https:\/\/encuentroinformativo.com.mx\/index.php?rest_route=\/wp\/v2\/posts\/68518\/revisions\/68520"}],"wp:featuredmedia":[{"embeddable":true,"href":"https:\/\/encuentroinformativo.com.mx\/index.php?rest_route=\/wp\/v2\/media\/68519"}],"wp:attachment":[{"href":"https:\/\/encuentroinformativo.com.mx\/index.php?rest_route=%2Fwp%2Fv2%2Fmedia&parent=68518"}],"wp:term":[{"taxonomy":"category","embeddable":true,"href":"https:\/\/encuentroinformativo.com.mx\/index.php?rest_route=%2Fwp%2Fv2%2Fcategories&post=68518"},{"taxonomy":"post_tag","embeddable":true,"href":"https:\/\/encuentroinformativo.com.mx\/index.php?rest_route=%2Fwp%2Fv2%2Ftags&post=68518"}],"curies":[{"name":"wp","href":"https:\/\/api.w.org\/{rel}","templated":true}]}}