{"id":68539,"date":"2025-06-17T13:36:34","date_gmt":"2025-06-17T19:36:34","guid":{"rendered":"https:\/\/encuentroinformativo.com.mx\/?p=68539"},"modified":"2025-06-17T13:37:41","modified_gmt":"2025-06-17T19:37:41","slug":"apoya-gobierno-a-veracruzanos-detenidos-en-los-angeles-nahle","status":"publish","type":"post","link":"https:\/\/encuentroinformativo.com.mx\/?p=68539","title":{"rendered":"Apoya Gobierno a veracruzanos detenidos en Los \u00c1ngeles: Nahle"},"content":{"rendered":"<p><strong>Dar\u00edo Pale<\/strong><\/p>\n<p>Xalapa, Ver.- La gobernadora Norma Roc\u00edo Nahle Garc\u00eda dio a conocer que est\u00e1n atendiendo la detenci\u00f3n de los 9 veracruzanos en Los \u00c1ngeles, California durante las redadas migratorias ya que el gobierno les brindar\u00e1 apoyo y pagar\u00e1 las fianzas o traslado si son deportados.<\/p>\n<p>Coment\u00f3 que sostuvo una conversaci\u00f3n telef\u00f3nica con el se\u00f1or Carlos Guti\u00e9rrez, que es el c\u00f3nsul mexicano del consulado en Los \u00c1ngeles, para saber sobre el tema de los migrantes que fueron detenidos en estas redadas que esta haciendo el gobierno del presidente Trump en Los \u00c1ngeles.<\/p>\n<p>\u201cBueno, les informo, son nueve nueve veracruzanos que fueron detenidos sobre todo en una f\u00e1brica textil de ropa fina que est\u00e1 en el centro de la ciudad de Los \u00c1ngeles, gente que ya tiene muchos a\u00f1os de arraigo en Estados Unidos, que ya tienen hijos que nacieron en Estados Unidos, est\u00e1n detenidos en alg\u00fan centro de detenci\u00f3n all\u00e1 en en Los \u00c1ngeles, el gobierno de M\u00e9xico enseguida ya les puso un abogado, no han firmado ninguno la repatriaci\u00f3n voluntaria\u201d, se\u00f1al\u00f3.<\/p>\n<p>\u201cPorque se van a la cita con un juez para pedir una fianza y poderse quedar pues con su familia que ya la tienen all\u00e1, en eso nos pusimos de acuerdo el gobierno de la presidenta Claudia Sheinbaum les pone todos los abogados, todo el acompa\u00f1amiento, yo les ofrec\u00ed a ver independientemente que ellos tienen all\u00e1 familia, ver lo de las fianzas, si en caso de que alguno de ellos no pudiera cubrir la fianza, nosotros vamos a ayudar o bien en caso de que tuvieran que los regresaran, si los colocan ya sea en Tijuana o en Ciudad de M\u00e9xico, no s\u00e9 donde lo regresaran, el gobierno de Veracruz se va a encargar de ayudarlos a regresar a su ciudad de origen\u201d, agreg\u00f3.<\/p>\n<p>Coment\u00f3 que los apoyaran por lo que ya hay una coordinacion con el consulado de Los \u00c1ngeles, pero hasta el momento tiene reportado solo a 9 con quienes ya tienen una v\u00eda de comunicaci\u00f3n para cualquier situacion que se presente.<\/p>\n<p>En otro orden de ideas dijo que est\u00e1n acelerando las licitaciones de obras para que empresas veracruzanas desarrollen la infraestructura de las carreteras.<\/p>\n<p>\u201cQuiero que sean empresas veracruzanas, las que est\u00e9n en nuestras carreteras, ya est\u00e1n, ya en varias en el sur ya est\u00e1n, en otras en el norte tambi\u00e9n ya iniciaron, en la zona de Mart\u00ednez de la Torre tambi\u00e9n ya se dieron adjudicaciones y esta semana creo que ma\u00f1ana, no s\u00e9 si ma\u00f1ana mi\u00e9rcoles, estoy con las c\u00e1maras en Veracruz y en Xalapa\u201d, coment\u00f3.<\/p>\n<p>En cuanto al sector educativo se\u00f1al\u00f3 que, se ha ido avanzando pero aun faltan varias reuniones en la zona de las altas monta\u00f1as y en la zona de la Cuenca y el sur.<\/p>\n<p>\u201cYa todo el norte, el centro, el sotavento, ya nos reunimos, pero como entramos al tema electoral, suspendimos para evitar cualquier cosa, pero vamos a retomar y el tema de las plazas es tambi\u00e9n no se no se ha avanzado como se quisiera porque aqu\u00ed tenemos federales y estatales\u201d.<\/p>\n<p>Finalmente inform\u00f3 que la n\u00f3mina unica quedar\u00eda esta semana a trav\u00e9s de una sede bancaria, \u201centonces con eso vamos a avanzar pues para regularizar muchos maestros est\u00e1n en su derecho, por supuesto, es uno de los gremios consentidos\u201d.<\/p>\n","protected":false},"excerpt":{"rendered":"<p>Dar\u00edo Pale Xalapa, Ver.- La gobernadora Norma Roc\u00edo Nahle Garc\u00eda dio a conocer que est\u00e1n atendiendo la detenci\u00f3n de los 9 veracruzanos en Los \u00c1ngeles, California durante las redadas migratorias ya que el gobierno les brindar\u00e1 apoyo y pagar\u00e1 las fianzas o traslado si son deportados. Coment\u00f3 que sostuvo una conversaci\u00f3n telef\u00f3nica con el se\u00f1or [&hellip;]<\/p>\n","protected":false},"author":2476,"featured_media":68540,"comment_status":"open","ping_status":"open","sticky":false,"template":"","format":"standard","meta":{"_jetpack_memberships_contains_paid_content":false,"footnotes":""},"categories":[2,13],"tags":[],"class_list":["post-68539","post","type-post","status-publish","format-standard","has-post-thumbnail","hentry","category-estado","category-internacional"],"jetpack_featured_media_url":"https:\/\/encuentroinformativo.com.mx\/wp-content\/uploads\/2025\/06\/IMG-20250617-WA0164.jpg","jetpack_sharing_enabled":true,"jetpack_likes_enabled":true,"amp_enabled":true,"_links":{"self":[{"href":"https:\/\/encuentroinformativo.com.mx\/index.php?rest_route=\/wp\/v2\/posts\/68539","targetHints":{"allow":["GET"]}}],"collection":[{"href":"https:\/\/encuentroinformativo.com.mx\/index.php?rest_route=\/wp\/v2\/posts"}],"about":[{"href":"https:\/\/encuentroinformativo.com.mx\/index.php?rest_route=\/wp\/v2\/types\/post"}],"author":[{"embeddable":true,"href":"https:\/\/encuentroinformativo.com.mx\/index.php?rest_route=\/wp\/v2\/users\/2476"}],"replies":[{"embeddable":true,"href":"https:\/\/encuentroinformativo.com.mx\/index.php?rest_route=%2Fwp%2Fv2%2Fcomments&post=68539"}],"version-history":[{"count":1,"href":"https:\/\/encuentroinformativo.com.mx\/index.php?rest_route=\/wp\/v2\/posts\/68539\/revisions"}],"predecessor-version":[{"id":68541,"href":"https:\/\/encuentroinformativo.com.mx\/index.php?rest_route=\/wp\/v2\/posts\/68539\/revisions\/68541"}],"wp:featuredmedia":[{"embeddable":true,"href":"https:\/\/encuentroinformativo.com.mx\/index.php?rest_route=\/wp\/v2\/media\/68540"}],"wp:attachment":[{"href":"https:\/\/encuentroinformativo.com.mx\/index.php?rest_route=%2Fwp%2Fv2%2Fmedia&parent=68539"}],"wp:term":[{"taxonomy":"category","embeddable":true,"href":"https:\/\/encuentroinformativo.com.mx\/index.php?rest_route=%2Fwp%2Fv2%2Fcategories&post=68539"},{"taxonomy":"post_tag","embeddable":true,"href":"https:\/\/encuentroinformativo.com.mx\/index.php?rest_route=%2Fwp%2Fv2%2Ftags&post=68539"}],"curies":[{"name":"wp","href":"https:\/\/api.w.org\/{rel}","templated":true}]}}