{"id":68543,"date":"2025-06-17T13:53:31","date_gmt":"2025-06-17T19:53:31","guid":{"rendered":"https:\/\/encuentroinformativo.com.mx\/?p=68543"},"modified":"2025-06-17T13:53:31","modified_gmt":"2025-06-17T19:53:31","slug":"en-su-54-aniversario-junior-klan-abarroto-concierto-en-cdmx","status":"publish","type":"post","link":"https:\/\/encuentroinformativo.com.mx\/?p=68543","title":{"rendered":"En su 54 aniversario, Junior Klan abarrot\u00f3 concierto en CDMX"},"content":{"rendered":"<p><strong>Alejandro \u00c1vila<\/strong><\/p>\n<p>Veracruz, Ver.- La agrupaci\u00f3n veracruzana Junior Klan, conocida como &#8220;La Maravilla Musical de M\u00e9xico&#8221;, celebr\u00f3 54 a\u00f1os de trayectoria con un espectacular concierto en el Teatro Metrop\u00f3litan de la CDMX. El recinto se convirti\u00f3 en una gran pista de baile, donde los asistentes disfrutaron de decenas de \u00e9xitos y artistas invitados de renombre.<\/p>\n<p>Junior Klan ofreci\u00f3 un show lleno de energ\u00eda y pasi\u00f3n, con un derroche de tecnolog\u00eda y un repertorio que incluy\u00f3 algunos de sus temas m\u00e1s emblem\u00e1ticos. La cumbia y la m\u00fasica tropical se hicieron presentes en cada canci\u00f3n, y el p\u00fablico respondi\u00f3 con entusiasmo, bailando de principio a fin.<\/p>\n<p>El concierto cont\u00f3 con la participaci\u00f3n de artistas invitados como Sergio Ram\u00edrez del Grupo Los Bibys, Merenglass, Alfredo &#8220;El Pulpo&#8221;, S\u00faper Lamas, Bereni-C &#8220;La Novia del Sureste&#8221; y Grupo Quintanna. Cada uno de ellos aport\u00f3 su estilo y energ\u00eda al espect\u00e1culo, creando momentos inolvidables.<\/p>\n<p>En medio de un derrocha de tecnolog\u00eda, Junior Klan arrib\u00f3 al escenario bajo los primeros acordes de \u201cComo agua en las manos\u201d y \u201cMi raz\u00f3n de ser\u201d.<\/p>\n<p>Con Sergio del grupo Los Bibys, Junior Klan cant\u00f3 \u201cEn tus manos\u201c y \u201cSe\u00f1ora M\u00eda\u201d. Con Ram\u00f3n Glass y su Grupo Merenglass: \u201cLa mujer del pelotero\u201d y \u201cVamos a rumbear\u201d. As\u00ed lleg\u00f3 al escenario una de las voces femeninas m\u00e1s queridas de la cumbia en el sureste mexicano, Bereni-C \u201cLa Novia del Sureste\u201d entonando un medley muy bailable y \u201cLa Pruebita\u201d.<\/p>\n<p>Con Grupo Quintanna, se escuch\u00f3 \u201cEl final de nuestra historia\u201d y \u201cMe he quedado solo\u201d. Lleg\u00f3 un medley m\u00e1s, pero con S\u00faper Lamas: Todo lo encuentro en ti; Acelerao y Yo quiero chupar. Sin duda alguna el plato fuerte de la noche fue ver a Junior Klan con Alfredo \u201cEl Pulpo\u201d quien arrib\u00f3 al escenario en medio de un alud de aplausos y flanqueado por sus bailarinas. \u201cCumbia lacandona\u201d, \u201cMu\u00e9veme el pollo\u201d y \u201cLa chica angelical\u201d se escuch\u00f3 a dueto con ellos.<\/p>\n<p>Asimismo el respetable tambi\u00e9n bail\u00f3 con: El agua clara, El alacr\u00e1n, Cancionero, El aguafiestas, Paloma del alma m\u00eda, Mentirosa, Lev\u00e1ntate, Las africanas, Huacharaca, Dale el biber\u00f3n, cerrando esta gran noche con todos los invitados en el escenario al ritmo de \u201cNo hay cama pa\u2019 tanta gente\u201d.<\/p>\n<p>Tras finalizar la presentaci\u00f3n, Don Hugo y Diego Fern\u00e1ndez comentaron medios de comunicaci\u00f3n: \u201cEs una sensaci\u00f3n que no podemos describir. Gracias a Dios, a todo el p\u00fablico, gracias a los medios, se hizo historia en el Metrop\u00f3litan y gracias a toda la gente que asisti\u00f3&#8221;.<\/p>\n<p>Por su parte Israel S\u00e1nchez, productor general y gerente general de la agrupaci\u00f3n, tambi\u00e9n agradeci\u00f3 al p\u00fablico la asistencia y se mostr\u00f3 feliz de que se haya habido Sold Out.<\/p>\n","protected":false},"excerpt":{"rendered":"<p>Alejandro \u00c1vila Veracruz, Ver.- La agrupaci\u00f3n veracruzana Junior Klan, conocida como &#8220;La Maravilla Musical de M\u00e9xico&#8221;, celebr\u00f3 54 a\u00f1os de trayectoria con un espectacular concierto en el Teatro Metrop\u00f3litan de la CDMX. El recinto se convirti\u00f3 en una gran pista de baile, donde los asistentes disfrutaron de decenas de \u00e9xitos y artistas invitados de renombre. [&hellip;]<\/p>\n","protected":false},"author":2476,"featured_media":68544,"comment_status":"open","ping_status":"open","sticky":false,"template":"","format":"standard","meta":{"_jetpack_memberships_contains_paid_content":false,"footnotes":""},"categories":[12],"tags":[],"class_list":["post-68543","post","type-post","status-publish","format-standard","has-post-thumbnail","hentry","category-nacional"],"jetpack_featured_media_url":"https:\/\/encuentroinformativo.com.mx\/wp-content\/uploads\/2025\/06\/IMG-20250617-WA0191.jpg","jetpack_sharing_enabled":true,"jetpack_likes_enabled":true,"amp_enabled":true,"_links":{"self":[{"href":"https:\/\/encuentroinformativo.com.mx\/index.php?rest_route=\/wp\/v2\/posts\/68543","targetHints":{"allow":["GET"]}}],"collection":[{"href":"https:\/\/encuentroinformativo.com.mx\/index.php?rest_route=\/wp\/v2\/posts"}],"about":[{"href":"https:\/\/encuentroinformativo.com.mx\/index.php?rest_route=\/wp\/v2\/types\/post"}],"author":[{"embeddable":true,"href":"https:\/\/encuentroinformativo.com.mx\/index.php?rest_route=\/wp\/v2\/users\/2476"}],"replies":[{"embeddable":true,"href":"https:\/\/encuentroinformativo.com.mx\/index.php?rest_route=%2Fwp%2Fv2%2Fcomments&post=68543"}],"version-history":[{"count":1,"href":"https:\/\/encuentroinformativo.com.mx\/index.php?rest_route=\/wp\/v2\/posts\/68543\/revisions"}],"predecessor-version":[{"id":68545,"href":"https:\/\/encuentroinformativo.com.mx\/index.php?rest_route=\/wp\/v2\/posts\/68543\/revisions\/68545"}],"wp:featuredmedia":[{"embeddable":true,"href":"https:\/\/encuentroinformativo.com.mx\/index.php?rest_route=\/wp\/v2\/media\/68544"}],"wp:attachment":[{"href":"https:\/\/encuentroinformativo.com.mx\/index.php?rest_route=%2Fwp%2Fv2%2Fmedia&parent=68543"}],"wp:term":[{"taxonomy":"category","embeddable":true,"href":"https:\/\/encuentroinformativo.com.mx\/index.php?rest_route=%2Fwp%2Fv2%2Fcategories&post=68543"},{"taxonomy":"post_tag","embeddable":true,"href":"https:\/\/encuentroinformativo.com.mx\/index.php?rest_route=%2Fwp%2Fv2%2Ftags&post=68543"}],"curies":[{"name":"wp","href":"https:\/\/api.w.org\/{rel}","templated":true}]}}