{"id":68546,"date":"2025-06-17T14:20:43","date_gmt":"2025-06-17T20:20:43","guid":{"rendered":"https:\/\/encuentroinformativo.com.mx\/?p=68546"},"modified":"2025-06-17T14:20:43","modified_gmt":"2025-06-17T20:20:43","slug":"queda-en-libertad-rogelio-franco","status":"publish","type":"post","link":"https:\/\/encuentroinformativo.com.mx\/?p=68546","title":{"rendered":"Queda en libertad Rogelio Franco"},"content":{"rendered":"<p><strong>Dar\u00edo Pale<\/strong><\/p>\n<p>Xalapa, Ver.- Por medio de las redes sociales el ex secretario de gobierno Rogelio Franco Castan dio a conocer que despu\u00e9s de pasar 1,556 d\u00edas privado de su libertad y el d\u00eda de hoy quedo anulada la \u00faltima medida que restring\u00eda su libertad.<\/p>\n<p>En un mensaje agradeci\u00f3 a su familia y a las personas que lo apoyaron al igual que a los abogados quienes no dejaron de luchar nunca y lograron liberarlo de 11 delitos, por lo que el mensaje dice lo siguiente:<\/p>\n<p>\u201cEl 16 de junio de 2025 ser\u00e1 un d\u00eda inolvidable en mi vida. Pas\u00e9 1,556 d\u00edas privado de la libertad. Gracias a Dios, hoy se hizo justicia, quedando anulada la \u00faltima medida que restring\u00eda mi libertad absoluta. Ha llegado, por fin, \u201cel camino hacia la libertad\u201d<\/p>\n<p>Fueron a\u00f1os duros, marcados por la injusticia y la separaci\u00f3n de quienes m\u00e1s amo. Nada fue m\u00e1s doloroso que salir de casa y dejar atr\u00e1s a mis hijas. Hace casi dos a\u00f1os, incluso me prohibieron comunicarme y convivir con mi peque\u00f1a Victoria, la menor de mis hijas, a quien no vi crecer y cuyo abrazo extra\u00f1\u00e9 cada segundo. Ella, sin saberlo, se convirti\u00f3 en nuestra mayor inspiraci\u00f3n para resistir y seguir adelante.<\/p>\n<p>Por fin volveremos a estar juntos.<\/p>\n<p>Agradezco de todo coraz\u00f3n a mi madre y a mis hijas, quienes nunca soltaron mi mano, ni siquiera en los d\u00edas m\u00e1s oscuros. Tambi\u00e9n a los amigos y amigas que, sin buscar reconocimiento, nos acompa\u00f1aron con amor, lealtad y solidaridad en esta lucha. Ustedes fueron luz en medio de tanta sombra.<\/p>\n<p>Quiero hacer un reconocimiento especial a dos j\u00f3venes abogados valientes: Luis Enrique Gonz\u00e1lez Lira y Enrique Tadeo Castillo, quienes, junto a sus equipos, no cesaron en la lucha por la v\u00eda jur\u00eddica. Gracias a su esfuerzo incansable, lograron mi liberaci\u00f3n en 11 delitos.<\/p>\n<p>Hoy, con esta resoluci\u00f3n, se da un paso importante hacia la justicia y el respeto al Estado de Derecho en Veracruz. No es solo mi libertad la que celebramos, sino la esperanza de que ning\u00fan otro padre, hijo o ciudadano tenga que pasar por lo mismo.<\/p>\n<p>Gracias a todos los que estuvieron. Gracias a Dios por esta segunda oportunidad. Con el coraz\u00f3n en la mano, les agradezco a todos su apoyo.<\/p>\n<p>Finaliza el mensaje.<\/p>\n<p>Cabe recordar que Franco Cast\u00e1n, enfrentaba prisi\u00f3n domiciliaria, por los delitos de ultrajes a la autoridad, contra instituciones de seguridad p\u00fablica y retenci\u00f3n de menores, entre otros, sin embargo, ninguno de estos concluy\u00f3 con una sentencia condenatoria.<\/p>\n","protected":false},"excerpt":{"rendered":"<p>Dar\u00edo Pale Xalapa, Ver.- Por medio de las redes sociales el ex secretario de gobierno Rogelio Franco Castan dio a conocer que despu\u00e9s de pasar 1,556 d\u00edas privado de su libertad y el d\u00eda de hoy quedo anulada la \u00faltima medida que restring\u00eda su libertad. En un mensaje agradeci\u00f3 a su familia y a las [&hellip;]<\/p>\n","protected":false},"author":2476,"featured_media":68547,"comment_status":"open","ping_status":"open","sticky":false,"template":"","format":"standard","meta":{"_jetpack_memberships_contains_paid_content":false,"footnotes":""},"categories":[2],"tags":[],"class_list":["post-68546","post","type-post","status-publish","format-standard","has-post-thumbnail","hentry","category-estado"],"jetpack_featured_media_url":"https:\/\/encuentroinformativo.com.mx\/wp-content\/uploads\/2025\/06\/IMG-20250617-WA0181.jpg","jetpack_sharing_enabled":true,"jetpack_likes_enabled":true,"amp_enabled":true,"_links":{"self":[{"href":"https:\/\/encuentroinformativo.com.mx\/index.php?rest_route=\/wp\/v2\/posts\/68546","targetHints":{"allow":["GET"]}}],"collection":[{"href":"https:\/\/encuentroinformativo.com.mx\/index.php?rest_route=\/wp\/v2\/posts"}],"about":[{"href":"https:\/\/encuentroinformativo.com.mx\/index.php?rest_route=\/wp\/v2\/types\/post"}],"author":[{"embeddable":true,"href":"https:\/\/encuentroinformativo.com.mx\/index.php?rest_route=\/wp\/v2\/users\/2476"}],"replies":[{"embeddable":true,"href":"https:\/\/encuentroinformativo.com.mx\/index.php?rest_route=%2Fwp%2Fv2%2Fcomments&post=68546"}],"version-history":[{"count":1,"href":"https:\/\/encuentroinformativo.com.mx\/index.php?rest_route=\/wp\/v2\/posts\/68546\/revisions"}],"predecessor-version":[{"id":68548,"href":"https:\/\/encuentroinformativo.com.mx\/index.php?rest_route=\/wp\/v2\/posts\/68546\/revisions\/68548"}],"wp:featuredmedia":[{"embeddable":true,"href":"https:\/\/encuentroinformativo.com.mx\/index.php?rest_route=\/wp\/v2\/media\/68547"}],"wp:attachment":[{"href":"https:\/\/encuentroinformativo.com.mx\/index.php?rest_route=%2Fwp%2Fv2%2Fmedia&parent=68546"}],"wp:term":[{"taxonomy":"category","embeddable":true,"href":"https:\/\/encuentroinformativo.com.mx\/index.php?rest_route=%2Fwp%2Fv2%2Fcategories&post=68546"},{"taxonomy":"post_tag","embeddable":true,"href":"https:\/\/encuentroinformativo.com.mx\/index.php?rest_route=%2Fwp%2Fv2%2Ftags&post=68546"}],"curies":[{"name":"wp","href":"https:\/\/api.w.org\/{rel}","templated":true}]}}