{"id":68549,"date":"2025-06-17T14:35:37","date_gmt":"2025-06-17T20:35:37","guid":{"rendered":"https:\/\/encuentroinformativo.com.mx\/?p=68549"},"modified":"2025-06-17T14:35:37","modified_gmt":"2025-06-17T20:35:37","slug":"belinda-y-pepe-aguilar-en-fiestas-de-santa-ana-en-boca-del-rio","status":"publish","type":"post","link":"https:\/\/encuentroinformativo.com.mx\/?p=68549","title":{"rendered":"Belinda y Pepe Aguilar en fiestas de Santa Ana en Boca del R\u00edo"},"content":{"rendered":"<p><strong>Alejandro \u00c1vila<\/strong><\/p>\n<p>Boca del R\u00edo, Ver.- Belinda y Pepe Aguilar encabezan el cartel de las fiestas de Santa Ana, pr\u00f3ximas a realizarse del 25 al 28 de julio en el municipio de Boca del R\u00edo.<\/p>\n<p>El jueves 25 de julio se realizar\u00e1 la coronaci\u00f3n de la Doncella del Mar y el Trit\u00f3n, los elegidos ser\u00e1n dados a conocer la primera semana del mes de julio; esa noche el concierto estar\u00e1 a cargo de La Adictiva.<\/p>\n<p>El viernes 26 de julio se realizar\u00e1 el filete relleno de mariscos a las 3 de la tarde, por la noche, el concierto masivo estar\u00e1 a cargo de Pepe Aguilar.<\/p>\n<p>El s\u00e1bado 27 de julio se realizar\u00e1 el Paseo Acu\u00e1tico y Ofrenda Floral de Santa Ana a las 9 de la ma\u00f1ana; al mediod\u00eda el tradicional &#8220;Ba\u00f1o&#8221;, con Liz Vega y el &#8220;Pulpo&#8221; Alfredo y sus teclados, como invitados; por la noche el concierto masivo estar\u00e1 a cargo de Belinda.<\/p>\n<p>Finalmente, el domingo 28 de julio se realizar\u00e1 el Torito (bebida t\u00edpica) m\u00e1s grande del mundo a las 6 de la tarde y, el \u00faltimo concierto masivo estar\u00e1 a cargo de, Edwin Luna y la Trakalosa de Monterrey.<\/p>\n<p>El alcalde Juan Manuel de Unanue Abascal invit\u00f3 a la ciudadan\u00eda a revisar las p\u00e1ginas oficiales del Ayuntamiento, para estar pendientes del resto de los eventos, como la carrera de 5 km, el palo encebado, entre otros.<\/p>\n","protected":false},"excerpt":{"rendered":"<p>Alejandro \u00c1vila Boca del R\u00edo, Ver.- Belinda y Pepe Aguilar encabezan el cartel de las fiestas de Santa Ana, pr\u00f3ximas a realizarse del 25 al 28 de julio en el municipio de Boca del R\u00edo. El jueves 25 de julio se realizar\u00e1 la coronaci\u00f3n de la Doncella del Mar y el Trit\u00f3n, los elegidos ser\u00e1n [&hellip;]<\/p>\n","protected":false},"author":2476,"featured_media":68550,"comment_status":"open","ping_status":"open","sticky":false,"template":"","format":"standard","meta":{"_jetpack_memberships_contains_paid_content":false,"footnotes":""},"categories":[2],"tags":[],"class_list":["post-68549","post","type-post","status-publish","format-standard","has-post-thumbnail","hentry","category-estado"],"jetpack_featured_media_url":"https:\/\/encuentroinformativo.com.mx\/wp-content\/uploads\/2025\/06\/IMG-20250617-WA01852.jpg","jetpack_sharing_enabled":true,"jetpack_likes_enabled":true,"amp_enabled":true,"_links":{"self":[{"href":"https:\/\/encuentroinformativo.com.mx\/index.php?rest_route=\/wp\/v2\/posts\/68549","targetHints":{"allow":["GET"]}}],"collection":[{"href":"https:\/\/encuentroinformativo.com.mx\/index.php?rest_route=\/wp\/v2\/posts"}],"about":[{"href":"https:\/\/encuentroinformativo.com.mx\/index.php?rest_route=\/wp\/v2\/types\/post"}],"author":[{"embeddable":true,"href":"https:\/\/encuentroinformativo.com.mx\/index.php?rest_route=\/wp\/v2\/users\/2476"}],"replies":[{"embeddable":true,"href":"https:\/\/encuentroinformativo.com.mx\/index.php?rest_route=%2Fwp%2Fv2%2Fcomments&post=68549"}],"version-history":[{"count":1,"href":"https:\/\/encuentroinformativo.com.mx\/index.php?rest_route=\/wp\/v2\/posts\/68549\/revisions"}],"predecessor-version":[{"id":68551,"href":"https:\/\/encuentroinformativo.com.mx\/index.php?rest_route=\/wp\/v2\/posts\/68549\/revisions\/68551"}],"wp:featuredmedia":[{"embeddable":true,"href":"https:\/\/encuentroinformativo.com.mx\/index.php?rest_route=\/wp\/v2\/media\/68550"}],"wp:attachment":[{"href":"https:\/\/encuentroinformativo.com.mx\/index.php?rest_route=%2Fwp%2Fv2%2Fmedia&parent=68549"}],"wp:term":[{"taxonomy":"category","embeddable":true,"href":"https:\/\/encuentroinformativo.com.mx\/index.php?rest_route=%2Fwp%2Fv2%2Fcategories&post=68549"},{"taxonomy":"post_tag","embeddable":true,"href":"https:\/\/encuentroinformativo.com.mx\/index.php?rest_route=%2Fwp%2Fv2%2Ftags&post=68549"}],"curies":[{"name":"wp","href":"https:\/\/api.w.org\/{rel}","templated":true}]}}