{"id":68558,"date":"2025-06-17T13:08:51","date_gmt":"2025-06-17T19:08:51","guid":{"rendered":"https:\/\/encuentroinformativo.com.mx\/?p=68558"},"modified":"2025-06-17T17:11:22","modified_gmt":"2025-06-17T23:11:22","slug":"estudiante-de-musica-uv-fue-localizada-con-vida","status":"publish","type":"post","link":"https:\/\/encuentroinformativo.com.mx\/?p=68558","title":{"rendered":"Estudiante de m\u00fasica UV fue localizada con vida"},"content":{"rendered":"<p><strong>Dar\u00edo Pale<\/strong><\/p>\n<p>Xalapa, Ver.- La Fiscal\u00eda General del Estado (FGE), dio a conocer que la joven Valeria Robalo Mart\u00ednez, reportada como desaparecida el pasado 14 de junio del presente a\u00f1o en esta ciudad, fue localizada con vida ya que seg\u00fan fue una separaci\u00f3n voluntaria.<\/p>\n<p>Mediante un comunicado de la FGE dio a conocer que, el d\u00eda de ayer, a trav\u00e9s de la Fiscal\u00eda Especializada para la Atenci\u00f3n de Denuncias por Personas Desaparecidas, se inici\u00f3 una carpeta de investigaci\u00f3n con motivo de la no localizaci\u00f3n de la estudiante de la Universidad Veracruzana, Valeria Robalo Mart\u00ednez, reportada el pasado 14 de junio del presente a\u00f1o en esta ciudad.<\/p>\n<p>Como resultado de las diligencias realizadas por elementos de la Polic\u00eda Ministerial, se logr\u00f3 su ubicaci\u00f3n, confirm\u00e1ndose que se trat\u00f3 de una ausencia voluntaria, actualmente, la joven se encuentra sana y salva, reunida con su familia.<\/p>\n<p>Cabe recordar que se emiti\u00f3 una alerta amber por desaparici\u00f3n el d\u00eda 14 de junio aqu\u00ed en la capital del estado, adem\u00e1s de que se encontraba estudiando en la Universidad Veracruzana y que tiene 20 a\u00f1os.<\/p>\n","protected":false},"excerpt":{"rendered":"<p>Dar\u00edo Pale Xalapa, Ver.- La Fiscal\u00eda General del Estado (FGE), dio a conocer que la joven Valeria Robalo Mart\u00ednez, reportada como desaparecida el pasado 14 de junio del presente a\u00f1o en esta ciudad, fue localizada con vida ya que seg\u00fan fue una separaci\u00f3n voluntaria. Mediante un comunicado de la FGE dio a conocer que, el [&hellip;]<\/p>\n","protected":false},"author":2476,"featured_media":68556,"comment_status":"open","ping_status":"open","sticky":false,"template":"","format":"standard","meta":{"_jetpack_memberships_contains_paid_content":false,"footnotes":""},"categories":[14],"tags":[],"class_list":["post-68558","post","type-post","status-publish","format-standard","has-post-thumbnail","hentry","category-policiaca"],"jetpack_featured_media_url":"https:\/\/encuentroinformativo.com.mx\/wp-content\/uploads\/2025\/06\/IMG-20250617-WA0227.jpg","jetpack_sharing_enabled":true,"jetpack_likes_enabled":true,"amp_enabled":true,"_links":{"self":[{"href":"https:\/\/encuentroinformativo.com.mx\/index.php?rest_route=\/wp\/v2\/posts\/68558","targetHints":{"allow":["GET"]}}],"collection":[{"href":"https:\/\/encuentroinformativo.com.mx\/index.php?rest_route=\/wp\/v2\/posts"}],"about":[{"href":"https:\/\/encuentroinformativo.com.mx\/index.php?rest_route=\/wp\/v2\/types\/post"}],"author":[{"embeddable":true,"href":"https:\/\/encuentroinformativo.com.mx\/index.php?rest_route=\/wp\/v2\/users\/2476"}],"replies":[{"embeddable":true,"href":"https:\/\/encuentroinformativo.com.mx\/index.php?rest_route=%2Fwp%2Fv2%2Fcomments&post=68558"}],"version-history":[{"count":1,"href":"https:\/\/encuentroinformativo.com.mx\/index.php?rest_route=\/wp\/v2\/posts\/68558\/revisions"}],"predecessor-version":[{"id":68559,"href":"https:\/\/encuentroinformativo.com.mx\/index.php?rest_route=\/wp\/v2\/posts\/68558\/revisions\/68559"}],"wp:featuredmedia":[{"embeddable":true,"href":"https:\/\/encuentroinformativo.com.mx\/index.php?rest_route=\/wp\/v2\/media\/68556"}],"wp:attachment":[{"href":"https:\/\/encuentroinformativo.com.mx\/index.php?rest_route=%2Fwp%2Fv2%2Fmedia&parent=68558"}],"wp:term":[{"taxonomy":"category","embeddable":true,"href":"https:\/\/encuentroinformativo.com.mx\/index.php?rest_route=%2Fwp%2Fv2%2Fcategories&post=68558"},{"taxonomy":"post_tag","embeddable":true,"href":"https:\/\/encuentroinformativo.com.mx\/index.php?rest_route=%2Fwp%2Fv2%2Ftags&post=68558"}],"curies":[{"name":"wp","href":"https:\/\/api.w.org\/{rel}","templated":true}]}}