{"id":68560,"date":"2025-06-17T17:47:34","date_gmt":"2025-06-17T23:47:34","guid":{"rendered":"https:\/\/encuentroinformativo.com.mx\/?p=68560"},"modified":"2025-06-17T17:47:34","modified_gmt":"2025-06-17T23:47:34","slug":"solicitan-docentes-mejoras-para-educacion-indigena-quieren-trato-igualitario","status":"publish","type":"post","link":"https:\/\/encuentroinformativo.com.mx\/?p=68560","title":{"rendered":"Solicitan docentes mejoras para educaci\u00f3n ind\u00edgena, quieren trato igualitario"},"content":{"rendered":"<p><strong>Dar\u00edo Pale<\/strong><\/p>\n<p>Xalapa, Ver.- Galdino Diego P\u00e9rez, miembro de la Coordinaci\u00f3n Pol\u00edtica del Movimiento Democr\u00e1tico Magisterial Veracruzano, se pronunci\u00f3 porque no haya discriminacion para nadie y espec\u00edficamente para las comunidades ind\u00edgenas.<\/p>\n<p>Dieron a conocer que quieren que los traten de la misma manera que a los dem\u00e1s niveles educativos, que no haya discriminaci\u00f3n para ninguno y particularmente para sus comunidades ind\u00edgenas, ya que ellos en su nivel educativo no tienen apoyo.<\/p>\n<p>\u201cNo tenemos apoyo de personal de apoyo y asistencia a la educaci\u00f3n, no tenemos intendencias, no tenemos maestro de educaci\u00f3n f\u00edsica, de educaci\u00f3n art\u00edstica, no tenemos infraestructuras completas en nuestros centros de trabajo, nos falta equipamiento t\u00e9cnico, particularmente la tecnolog\u00eda que no llega a las comunidades muchas veces por falta de luz,<br \/>\notras porque no alcanzan las redes a cubrir el internet en nuestras regiones y por lo tanto nosotros no podemos utilizar la biblioteca mundial para podernos hallegar de m\u00e1s y mejor informaci\u00f3n de car\u00e1cter mundial\u201d, coment\u00f3<\/p>\n<p>\u201cPor eso nosotros estamos en este trabajo con las compa\u00f1eras y los compa\u00f1eros porque queremos un trato igual y estamos buscando tambi\u00e9n que las compa\u00f1eras y los compa\u00f1eros que se les contrata o que ingresan al servicio sean tratados tambi\u00e9n de la misma manera, que no se est\u00e9 contratando en tiempos muy cortos porque cuando termina un interinato, los grupos se quedan sin atenci\u00f3n y eso provoca el que no se est\u00e9 atendiendo de manera muy puntual a todos los ni\u00f1os y a todos los j\u00f3venes que atendemos a la regi\u00f3n\u201d, agreg\u00f3.<\/p>\n<p>Dijo que necesitan seguridad laboral para todos los compa\u00f1eros de nuevo ingreso, al igual que las promociones horizontales y verticales que se hacen a trav\u00e9s de USICAMM, no est\u00e1n en contra de hacer los ex\u00e1menes ni participar en los procesos de concurso y convocatorias.<\/p>\n<p>\u201cPero s\u00ed en que se destine m\u00e1s recursos para que m\u00e1s compa\u00f1eras y compa\u00f1eros puedan beneficiarse y mejorar su nivel de vida, estamos viendo pues que en cuanto a infraestructura educativa pues tambi\u00e9n necesitamos que se construyan las aulas que nos hacen falta, que se atiendan las aulas que tenemos, hay un diagn\u00f3stico de que tenemos todav\u00eda muchas aulas de pisos de tierra cercas de palos techos de cart\u00f3n que me parece a mi que no es justo que se tengan estas condiciones laborales de los trabajadores\u201d, acus\u00f3.<\/p>\n<p>Ya hicieron algunos diagn\u00f3sticos de que existen m\u00e1s de 140 escuelas en condiciones de esta naturaleza que faltan aulas, que faltan espacios, no tenemos comedores, no tenemos espacios de canchas techadas, ahorita con las inclemencias del tiempo, los ni\u00f1os y los j\u00f3venes hacen sus pr\u00e1cticas a cielo abierto.<\/p>\n<p>Estas se encuentran en la zona del valle del Uxpanapa, la zona de Huayacocotla, las zonas de Tantoyuca, Chicontepec y algunas en la Sierra de Papantla, por lo que est\u00e1n solicitando que se haga un diagn\u00f3stico muy puntual en donde ellos como trabajadores de la educaci\u00f3n puedan contribuir para proporcionar toda esta informaci\u00f3n que ellos puedan necesitar a partir de entreg\u00e1rselo a trav\u00e9s de sus supervisores escolares, jefes de sector, pero que se atienda, que no nada m\u00e1s se recoja la informaci\u00f3n y no se le d\u00e9 soluci\u00f3n a las demandas que tienen en los centros educativos.<\/p>\n<p>Se\u00f1al\u00f3 que por eso necesitan que quien dirija su nivel, pues sea una compa\u00f1era o un compa\u00f1ero que tenga la sensibilidad, el conocimiento y que conozca la idiosincrasia de nuestros pueblos, eso es lo que est\u00e1n demandando, no est\u00e1n pidiendo algo fuera de lo normal o fuera de lo necesario.<\/p>\n<p>Coment\u00f3 que, \u201cahorita aqu\u00ed hay compa\u00f1eros de la zona norte, de la zona centro y de la zona sur en donde tambi\u00e9n le estamos pidiendo al gobierno pues que no haya persecuci\u00f3n hacia los trabajadores por el hecho de solicitar lo que dignamente necesitan nuestros centros educativos, que no haya se\u00f1alamientos, que no haya una serie de represalias contra las maestras y los maestros\u201d.<\/p>\n<p>Lo anterior se debe a que, \u201cya lo estamos viendo, que han estado yendo a los centros de trabajo de los compa\u00f1eros que est\u00e1n al frente de esta coordinaci\u00f3n del movimiento democr\u00e1tico para tratar de amedrentar a las compa\u00f1eras y a los compa\u00f1eros, estamos hablando de la propia hoy directora de Educaci\u00f3n Ind\u00edgena, (Nidia Caril\u00fa Nava Palomec), que est\u00e1 mandando a recursos humanos, a Contralor\u00eda, est\u00e1 mandando a los centros educativos para tratar de, no de persuadir, sino m\u00e1s bien de amedrentar y amenazar a los compa\u00f1eros\u201d.<\/p>\n<p>Finalmente cabe se\u00f1alar que debido a que la comisi\u00f3n que se encontraba en di\u00e1logo con autoridades de gobierno del estado a forma de presi\u00f3n bloquearon la calle de Enr\u00edquez por unos minutos y posteriormente liberaron la vialidad.<\/p>\n","protected":false},"excerpt":{"rendered":"<p>Dar\u00edo Pale Xalapa, Ver.- Galdino Diego P\u00e9rez, miembro de la Coordinaci\u00f3n Pol\u00edtica del Movimiento Democr\u00e1tico Magisterial Veracruzano, se pronunci\u00f3 porque no haya discriminacion para nadie y espec\u00edficamente para las comunidades ind\u00edgenas. Dieron a conocer que quieren que los traten de la misma manera que a los dem\u00e1s niveles educativos, que no haya discriminaci\u00f3n para ninguno [&hellip;]<\/p>\n","protected":false},"author":2476,"featured_media":68561,"comment_status":"open","ping_status":"open","sticky":false,"template":"","format":"standard","meta":{"_jetpack_memberships_contains_paid_content":false,"footnotes":""},"categories":[3],"tags":[],"class_list":["post-68560","post","type-post","status-publish","format-standard","has-post-thumbnail","hentry","category-xalapa"],"jetpack_featured_media_url":"https:\/\/encuentroinformativo.com.mx\/wp-content\/uploads\/2025\/06\/IMG-20250617-WA0245.jpg","jetpack_sharing_enabled":true,"jetpack_likes_enabled":true,"amp_enabled":true,"_links":{"self":[{"href":"https:\/\/encuentroinformativo.com.mx\/index.php?rest_route=\/wp\/v2\/posts\/68560","targetHints":{"allow":["GET"]}}],"collection":[{"href":"https:\/\/encuentroinformativo.com.mx\/index.php?rest_route=\/wp\/v2\/posts"}],"about":[{"href":"https:\/\/encuentroinformativo.com.mx\/index.php?rest_route=\/wp\/v2\/types\/post"}],"author":[{"embeddable":true,"href":"https:\/\/encuentroinformativo.com.mx\/index.php?rest_route=\/wp\/v2\/users\/2476"}],"replies":[{"embeddable":true,"href":"https:\/\/encuentroinformativo.com.mx\/index.php?rest_route=%2Fwp%2Fv2%2Fcomments&post=68560"}],"version-history":[{"count":1,"href":"https:\/\/encuentroinformativo.com.mx\/index.php?rest_route=\/wp\/v2\/posts\/68560\/revisions"}],"predecessor-version":[{"id":68562,"href":"https:\/\/encuentroinformativo.com.mx\/index.php?rest_route=\/wp\/v2\/posts\/68560\/revisions\/68562"}],"wp:featuredmedia":[{"embeddable":true,"href":"https:\/\/encuentroinformativo.com.mx\/index.php?rest_route=\/wp\/v2\/media\/68561"}],"wp:attachment":[{"href":"https:\/\/encuentroinformativo.com.mx\/index.php?rest_route=%2Fwp%2Fv2%2Fmedia&parent=68560"}],"wp:term":[{"taxonomy":"category","embeddable":true,"href":"https:\/\/encuentroinformativo.com.mx\/index.php?rest_route=%2Fwp%2Fv2%2Fcategories&post=68560"},{"taxonomy":"post_tag","embeddable":true,"href":"https:\/\/encuentroinformativo.com.mx\/index.php?rest_route=%2Fwp%2Fv2%2Ftags&post=68560"}],"curies":[{"name":"wp","href":"https:\/\/api.w.org\/{rel}","templated":true}]}}