{"id":68563,"date":"2025-06-17T19:02:43","date_gmt":"2025-06-18T01:02:43","guid":{"rendered":"https:\/\/encuentroinformativo.com.mx\/?p=68563"},"modified":"2025-06-17T19:02:43","modified_gmt":"2025-06-18T01:02:43","slug":"presenta-alcalde-jm-unanue-programa-de-las-fiestas-de-santa-ana-2025","status":"publish","type":"post","link":"https:\/\/encuentroinformativo.com.mx\/?p=68563","title":{"rendered":"Presenta Alcalde JM Un\u00e1nue programa de las fiestas de Santa Ana 2025"},"content":{"rendered":"<p><strong>* Del 20 al 27 de julio, Boca del R\u00edo se prepara para vivir su m\u00e1xima celebraci\u00f3n con actividades deportivas, culturales, religiosas y art\u00edsticas de primer nivel.<\/strong><\/p>\n<p>Boca del Rio, Ver.- El Gobierno Municipal de Boca del R\u00edo, encabezado por el alcalde Juan Manuel Un\u00e1nue Abascal, present\u00f3 el programa de actividades que se llevar\u00e1n a cabo del 20 al 27 de julio en el marco de las fiestas patronales de nuestra Se\u00f1ora de Santa Ana 2025.<\/p>\n<p>Dicho programa contiene actividades deportivas, culturales, religiosas y art\u00edsticas de primer nivel y para todo p\u00fablico que podr\u00e1n disfrutar de manera gratuita.<\/p>\n<p>\u201cEsta fiesta pone en alto el nombre de Boca del R\u00edo y es tambi\u00e9n una pol\u00edtica p\u00fablica para reactivar la econom\u00eda local y apoyar a los prestadores de servicios\u201d, expres\u00f3 el mun\u00edcipe boque\u00f1o.<\/p>\n<p>Durante la presentaci\u00f3n estuvieron presentes la Presidenta del DIF Municipal, Melina Rivera de Un\u00e1nue y la Diputada Federal, Maryjose Gamboa Torales, as\u00ed como el cuerpo edilicio, representantes de c\u00e1maras empresariales y comercio local, as\u00ed como representantes de diferentes medios de comunicaci\u00f3n.<\/p>\n<p>Finalmente, el Presidente Municipal, Juan Manuel Un\u00e1nue Abascal, enfatiz\u00f3 que se trata de una celebraci\u00f3n de lujo que recuerda la herencia cultural de los boque\u00f1os y la modernidad de Boca del R\u00edo, \u00a1Lo mejor de Veracruz!<\/p>\n<p>Para mayor informaci\u00f3n pueden visitar las Redes Sociales Oficiales del Ayuntamiento: www.facebook.com\/BocaLoMejorDeVeracruz, Twitter: @_BocadelRio e Instagram: @bocadelrio.ver; as\u00ed como la p\u00e1gina oficial www.fiesta-santa-ana.mx<\/p>\n<p style=\"text-align: center;\"><strong>PROGRAMA GENERAL DE ACTIVIDADES<\/strong><\/p>\n<p><strong>DOMINGO 20 DE JULIO<\/strong><br \/>\n**6:30 am Carrera Conmemorativa de Nuestra Se\u00f1ora de Santa Ana 2025 (4.\u00aa edici\u00f3n) \u2013 3k y 5k (bulevar Vicente Fox)<\/p>\n<p><strong>MI\u00c9RCOLES 23 DE JULIO<\/strong><br \/>\n**Concursos tradicionales desde las 9:30 am: Carrera de meseros, vencidas con cuerda, palo encebado, comelones, yardas y lanzamiento de atarrayas en el R\u00edo Jamapa.<br \/>\n**7 p.m. Verbena musical en el andador Revoluci\u00f3n (Col. Centro)<\/p>\n<p><strong>JUEVES 24 DE JULIO<\/strong><br \/>\n**9 pm Coronaci\u00f3n de la Corte Real 2025<br \/>\n**10 pm Concierto masivo: La Adictiva (Plaza C\u00edvica)<\/p>\n<p><strong>VIERNES 25 DE JULIO<\/strong><br \/>\n**8 am Confirmaciones en Casa Santa Ana<br \/>\n**3 pm Filete relleno de mariscos m\u00e1s grande del mundo (Av. Revoluci\u00f3n, Col. Centro)<br \/>\n**7 pm Procesi\u00f3n y serenata (De casa de la Cultura a Parroquia Santa Ana)<br \/>\n**9 pm Concierto masivo: Belinda (Plaza C\u00edvica)<\/p>\n<p><strong>S\u00c1BADO 26 DE JULIO<\/strong><br \/>\n**9 am Paseo acu\u00e1tico en el R\u00edo Jamapa y ofrenda floral<br \/>\n**12 pm Misa solemne (Parroquia Santa Ana)<br \/>\n**12 pm Tradicional Ba\u00f1o Popular con los Padrinos Liz Vega y Alfredo \u201cEl Pulpo) y sus teclados (Plaza C\u00edvica)<br \/>\n**7 pm Misa de clausura (Parroquia Santa Ana)<br \/>\n**9 pm Concierto masivo: Pepe Aguilar (Plaza C\u00edvica)<\/p>\n<p><strong>DOMINGO 27 DE JULIO<\/strong><br \/>\n**6 pm Tradicional Torito Gigante (Plaza C\u00edvica)<br \/>\n**9 pm Concierto de clausura: Edwin Luna y La Trakalosa de Monterrey (Plaza C\u00edvica)<\/p>\n","protected":false},"excerpt":{"rendered":"<p>* Del 20 al 27 de julio, Boca del R\u00edo se prepara para vivir su m\u00e1xima celebraci\u00f3n con actividades deportivas, culturales, religiosas y art\u00edsticas de primer nivel. Boca del Rio, Ver.- El Gobierno Municipal de Boca del R\u00edo, encabezado por el alcalde Juan Manuel Un\u00e1nue Abascal, present\u00f3 el programa de actividades que se llevar\u00e1n a [&hellip;]<\/p>\n","protected":false},"author":2476,"featured_media":68564,"comment_status":"open","ping_status":"open","sticky":false,"template":"","format":"standard","meta":{"_jetpack_memberships_contains_paid_content":false,"footnotes":""},"categories":[2],"tags":[],"class_list":["post-68563","post","type-post","status-publish","format-standard","has-post-thumbnail","hentry","category-estado"],"jetpack_featured_media_url":"https:\/\/encuentroinformativo.com.mx\/wp-content\/uploads\/2025\/06\/IMG-20250617-WA031912.jpg","jetpack_sharing_enabled":true,"jetpack_likes_enabled":true,"amp_enabled":true,"_links":{"self":[{"href":"https:\/\/encuentroinformativo.com.mx\/index.php?rest_route=\/wp\/v2\/posts\/68563","targetHints":{"allow":["GET"]}}],"collection":[{"href":"https:\/\/encuentroinformativo.com.mx\/index.php?rest_route=\/wp\/v2\/posts"}],"about":[{"href":"https:\/\/encuentroinformativo.com.mx\/index.php?rest_route=\/wp\/v2\/types\/post"}],"author":[{"embeddable":true,"href":"https:\/\/encuentroinformativo.com.mx\/index.php?rest_route=\/wp\/v2\/users\/2476"}],"replies":[{"embeddable":true,"href":"https:\/\/encuentroinformativo.com.mx\/index.php?rest_route=%2Fwp%2Fv2%2Fcomments&post=68563"}],"version-history":[{"count":1,"href":"https:\/\/encuentroinformativo.com.mx\/index.php?rest_route=\/wp\/v2\/posts\/68563\/revisions"}],"predecessor-version":[{"id":68565,"href":"https:\/\/encuentroinformativo.com.mx\/index.php?rest_route=\/wp\/v2\/posts\/68563\/revisions\/68565"}],"wp:featuredmedia":[{"embeddable":true,"href":"https:\/\/encuentroinformativo.com.mx\/index.php?rest_route=\/wp\/v2\/media\/68564"}],"wp:attachment":[{"href":"https:\/\/encuentroinformativo.com.mx\/index.php?rest_route=%2Fwp%2Fv2%2Fmedia&parent=68563"}],"wp:term":[{"taxonomy":"category","embeddable":true,"href":"https:\/\/encuentroinformativo.com.mx\/index.php?rest_route=%2Fwp%2Fv2%2Fcategories&post=68563"},{"taxonomy":"post_tag","embeddable":true,"href":"https:\/\/encuentroinformativo.com.mx\/index.php?rest_route=%2Fwp%2Fv2%2Ftags&post=68563"}],"curies":[{"name":"wp","href":"https:\/\/api.w.org\/{rel}","templated":true}]}}