{"id":68569,"date":"2025-06-18T11:41:59","date_gmt":"2025-06-18T17:41:59","guid":{"rendered":"https:\/\/encuentroinformativo.com.mx\/?p=68569"},"modified":"2025-06-18T11:41:59","modified_gmt":"2025-06-18T17:41:59","slug":"aumentan-casos-de-jovenes-que-atentan-contra-su-vida","status":"publish","type":"post","link":"https:\/\/encuentroinformativo.com.mx\/?p=68569","title":{"rendered":"Aumentan casos de j\u00f3venes que atentan contra su vida"},"content":{"rendered":"<p><strong>Dar\u00edo Pale<\/strong><\/p>\n<p>Xalapa, Ver.- El doctor Francisco Aguilar Rebolledo, rector de la Universidad Biom\u00e9dica Rafael Guizar y Valencia dio a conocer que lamentablemente el suicidio en los j\u00f3venes ha aumentado por causas multifactoriales y los m\u00e1s afectados son de 18 a 23 a\u00f1os.<\/p>\n<p>Dio a conocer que en la actualidad los j\u00f3venes buscan una salida a los problemas que enfrentan debido a muchos factores que se viven en la actualidad y lamentablemente buscan una salida falsa.<\/p>\n<p>\u201cEl suicidio en los j\u00f3venes, sobre todo, ha aumentado nuestra poblaci\u00f3n, las causas son multifactoriales, situaciones sociales, como es precisamente el no encontrar una situaci\u00f3n de familiar que los haga detener algunas presiones o situaciones que el chico no puede resolver\u201d, coment\u00f3.<\/p>\n<p>\u201cLa cercan\u00eda, necesitamos acercar a los chicos a la familia, estamos hablando de los j\u00f3venes, otra, que a veces las satisfacciones que quieren encontrar de manera pronta no se dan, entonces viene la situaci\u00f3n de por qu\u00e9 no puedo lograr esto o aquello, y otras que probablemente haya ya situaciones sociales que lo a\u00edslen y detonen cuando se juntan problemas de tipo social, familiar, personal\u201d, agreg\u00f3.<\/p>\n<p>Se\u00f1al\u00f3 que los adultos tambi\u00e9n se ven afectados por estas situaciones sociales por encontrar las oportunidades que \u00e9l se imagina que debe tener para la familia.<\/p>\n<p>&#8220;La situaci\u00f3n econ\u00f3mica aparentemente nosotros cuando vemos la televisi\u00f3n parece que est\u00e1 muy bien pero cuando nos acercamos a la familia vemos que hay una situaci\u00f3n social de tipo econ\u00f3mico dif\u00edcil y que el padre cuando tiene hijos que dependen de \u00e9l pues tiene que llevar los recursos a la familia y eso puede significar una situaci\u00f3n de atenci\u00f3n\u201d, se\u00f1al\u00f3.<\/p>\n<p>Dijo que muchas veces tienen tensiones, tienen depresiones, tienen aislamiento y finalmente no tienen el apoyo necesario para que puedan dejar de pensar en situaciones graves como puede ser el caso de quitarse la vida, el suicidio.<\/p>\n<p>Lamento que muchas veces las personas que se encuentran en esta situaci\u00f3n no cuentan con la debida atenci\u00f3n ya que los hospitales psiqui\u00e1tricos han disminuido, est\u00e1n cerrados muchos hospitales psiqui\u00e1tricos, m\u00e9dicos, psiquiatras o psic\u00f3logos que atienden a la poblaci\u00f3n no son muchos, algunas instituciones solamente tienen un psic\u00f3logo.<\/p>\n<p>\u201cUn psic\u00f3logo para una poblaci\u00f3n tan grande es dif\u00edcil, estas pueden ser algunas de las causas, generalmente, eso es nuevo, antes, la situaci\u00f3n emocional era de los adultos, ahora, de los j\u00f3venes entre los 18 y 23 a\u00f1os es donde m\u00e1s les afecta\u201d, inform\u00f3.<\/p>\n<p>Finalmente dio a conocer que, \u201cse deben abrir m\u00e1s unidades de atenci\u00f3n, as\u00ed como nosotros nos preocupamos por ayudar a los pacientes diab\u00e9ticos abriendo espacios para detectar tempranamente las complicaciones, as\u00ed se deben de abrir espacios para la atenci\u00f3n emocional de los j\u00f3venes\u201d.<\/p>\n","protected":false},"excerpt":{"rendered":"<p>Dar\u00edo Pale Xalapa, Ver.- El doctor Francisco Aguilar Rebolledo, rector de la Universidad Biom\u00e9dica Rafael Guizar y Valencia dio a conocer que lamentablemente el suicidio en los j\u00f3venes ha aumentado por causas multifactoriales y los m\u00e1s afectados son de 18 a 23 a\u00f1os. Dio a conocer que en la actualidad los j\u00f3venes buscan una salida [&hellip;]<\/p>\n","protected":false},"author":2476,"featured_media":68570,"comment_status":"open","ping_status":"open","sticky":false,"template":"","format":"standard","meta":{"_jetpack_memberships_contains_paid_content":false,"footnotes":""},"categories":[9],"tags":[],"class_list":["post-68569","post","type-post","status-publish","format-standard","has-post-thumbnail","hentry","category-salud"],"jetpack_featured_media_url":"https:\/\/encuentroinformativo.com.mx\/wp-content\/uploads\/2025\/06\/IMG-20250618-WA0117.jpg","jetpack_sharing_enabled":true,"jetpack_likes_enabled":true,"amp_enabled":true,"_links":{"self":[{"href":"https:\/\/encuentroinformativo.com.mx\/index.php?rest_route=\/wp\/v2\/posts\/68569","targetHints":{"allow":["GET"]}}],"collection":[{"href":"https:\/\/encuentroinformativo.com.mx\/index.php?rest_route=\/wp\/v2\/posts"}],"about":[{"href":"https:\/\/encuentroinformativo.com.mx\/index.php?rest_route=\/wp\/v2\/types\/post"}],"author":[{"embeddable":true,"href":"https:\/\/encuentroinformativo.com.mx\/index.php?rest_route=\/wp\/v2\/users\/2476"}],"replies":[{"embeddable":true,"href":"https:\/\/encuentroinformativo.com.mx\/index.php?rest_route=%2Fwp%2Fv2%2Fcomments&post=68569"}],"version-history":[{"count":1,"href":"https:\/\/encuentroinformativo.com.mx\/index.php?rest_route=\/wp\/v2\/posts\/68569\/revisions"}],"predecessor-version":[{"id":68571,"href":"https:\/\/encuentroinformativo.com.mx\/index.php?rest_route=\/wp\/v2\/posts\/68569\/revisions\/68571"}],"wp:featuredmedia":[{"embeddable":true,"href":"https:\/\/encuentroinformativo.com.mx\/index.php?rest_route=\/wp\/v2\/media\/68570"}],"wp:attachment":[{"href":"https:\/\/encuentroinformativo.com.mx\/index.php?rest_route=%2Fwp%2Fv2%2Fmedia&parent=68569"}],"wp:term":[{"taxonomy":"category","embeddable":true,"href":"https:\/\/encuentroinformativo.com.mx\/index.php?rest_route=%2Fwp%2Fv2%2Fcategories&post=68569"},{"taxonomy":"post_tag","embeddable":true,"href":"https:\/\/encuentroinformativo.com.mx\/index.php?rest_route=%2Fwp%2Fv2%2Ftags&post=68569"}],"curies":[{"name":"wp","href":"https:\/\/api.w.org\/{rel}","templated":true}]}}