{"id":68574,"date":"2025-06-18T14:18:08","date_gmt":"2025-06-18T20:18:08","guid":{"rendered":"https:\/\/encuentroinformativo.com.mx\/?p=68574"},"modified":"2025-06-18T14:18:08","modified_gmt":"2025-06-18T20:18:08","slug":"piden-transportistas-crear-plataforma-exclusiva-para-taxistas-del-estado","status":"publish","type":"post","link":"https:\/\/encuentroinformativo.com.mx\/?p=68574","title":{"rendered":"Piden transportistas crear plataforma exclusiva para taxistas del Estado"},"content":{"rendered":"<p><strong>Dar\u00edo Pale<\/strong><\/p>\n<p>Xalapa, Ver.- Pedro Fern\u00e1ndez Fern\u00e1ndez, presidente de la Alianza de Transportistas y Anexos de Veracruz (ATAV), dio a conocer que desde las administraciones pasadas est\u00e1n solicitando que se haga una plataforma en beneficio exclusivo de los concesionarios taxistas del estado.<\/p>\n<p>En conferencia de prensa se\u00f1al\u00f3 que han estado solicitando en las administraciones pasadas que se haga una plataforma en beneficio exclusivo de los concesionarios taxistas del estado, con las mismas condiciones, pero aqu\u00ed la diferencia es que hay un decreto a nivel federal que entra en vigor el d\u00eda 26 de este mes, donde las plataformas o los directivos de las plataformas van a ofrecer 272 000 contribuyentes, por medio de estas plataformas.<\/p>\n<p>\u201cTambi\u00e9n van a beneficiar a esos 270 000 entre conductores y operadores de plataformas con reparto de utilidades van a beneficiarlo con seguridad social y van a beneficiarlos con programas de vivienda, nosotros hemos estado pidiendo eso sexenios atr\u00e1s\u201d, se\u00f1al\u00f3<\/p>\n<p>Dijo que hay varias modificaciones a la Ley Federal del Trabajo, ellos no figuran como transportistas.<\/p>\n<p>Por lo anterior, \u201cestamos solicitando mesas de trabajo para poder tambi\u00e9n a lo mejor hacer una cuota fija sin que tengamos, as\u00ed como son los beneficios sociales que ya no hay intermediarios, que nosotros tambi\u00e9n queremos que no haya intermediarios, \u00bfa qu\u00e9 me refiero? A que no tengamos la obligaci\u00f3n de tener que pagar un contador y aparte los impuestos, mejor que sea una cuota fija y de esa manera tambi\u00e9n buscar con el apoyo y consenso de la gobernadora que esos beneficios tambi\u00e9n lleguen a nosotros\u201d, coment\u00f3.<\/p>\n<p>En lo que se refiere a las tarifas del transporte en la modalidad de taxi dijo que, han pasado sexenios y un bienio solicitando que se haga un estudio socioecon\u00f3mico en base al \u00edndice inflacionario del pa\u00eds ya que desde el 2012 no se han modificado.<\/p>\n<p>\u201cTraemos aqu\u00ed una informaci\u00f3n solo como ejemplo para decirles que desde el 2012 cobraban 13 pesos haciendo la multiplicaci\u00f3n precisamente del \u00edndice inflacionario del pa\u00eds, esa quedar\u00eda en 35 por eso en base a eso y as\u00ed sucesivamente la del segundo per\u00edmetro en 49, la del tercer per\u00edmetro en 55 y la del cuarto per\u00edmetro en 66.40\u201d, se\u00f1al\u00f3.<\/p>\n<p>\u201cAhorita nosotros al sacar una unidad a cr\u00e9dito no pagamos menos de 50,000 pesos y las letras tambi\u00e9n no quedan menos de 8,000 pesos, la verdad es que la situaci\u00f3n econ\u00f3mica ha sido bastante deplorable para todos, en general, para todos, no es nuevo ni novedad. \u00bfQu\u00e9 es lo que buscamos con respecto a las tarifas? Que se quite el abuso de algunos compa\u00f1eros taxistas\u201d, agreg\u00f3.<\/p>\n<p>Inform\u00f3 que en base precisamente a un acuerdo, a como dice la propia ley, pues se establezca y cada a\u00f1o se puedan venir revisando las tarifas, por lo que est\u00e1n solicitando mesas de trabajo para que los incluyan dentro de estas.<\/p>\n<p>\u201cSomos cr\u00edticos, pero tambi\u00e9n somos prepositivos, quienes nos conocen no es de hace un sexenio ni dos, tenemos casi cuatro sexenios haciendo labor social con respecto a las personas, mujeres y hombres concesionarios o representantes, esa es la finalidad con respecto a tarifas\u201d, inform\u00f3.<\/p>\n<p>Finalmente coment\u00f3 que, \u201cbueno, solicitarle por escrito a la se\u00f1ora gobernadora que nos incluya tambi\u00e9n para los trabajos de la armonizaci\u00f3n de esta ley, y en esta ley dec\u00eda se encuentra precisamente los fideicomisos o el cr\u00e9dito para cambiar el parque vehicular de las unidades de transporte p\u00fablico en general. Pero en este caso el decreto que saca la se\u00f1ora gobernadora el 9 de abril habla que es para la modernizaci\u00f3n y cambio de unidades de transporte de pasajeros, nosotros queremos estar ah\u00ed porque somos parte de y qu\u00e9 buscamos como lo dije antes pues s\u00ed que nos apoya el gobierno del estado con intereses blandos no queremos paternalismo o maternalismo en este caso lo que queremos es apoyo y que tengamos que pagar eso es indiscutible\u201d.<\/p>\n","protected":false},"excerpt":{"rendered":"<p>Dar\u00edo Pale Xalapa, Ver.- Pedro Fern\u00e1ndez Fern\u00e1ndez, presidente de la Alianza de Transportistas y Anexos de Veracruz (ATAV), dio a conocer que desde las administraciones pasadas est\u00e1n solicitando que se haga una plataforma en beneficio exclusivo de los concesionarios taxistas del estado. En conferencia de prensa se\u00f1al\u00f3 que han estado solicitando en las administraciones pasadas [&hellip;]<\/p>\n","protected":false},"author":2476,"featured_media":68575,"comment_status":"open","ping_status":"open","sticky":false,"template":"","format":"standard","meta":{"_jetpack_memberships_contains_paid_content":false,"footnotes":""},"categories":[3],"tags":[],"class_list":["post-68574","post","type-post","status-publish","format-standard","has-post-thumbnail","hentry","category-xalapa"],"jetpack_featured_media_url":"https:\/\/encuentroinformativo.com.mx\/wp-content\/uploads\/2025\/06\/IMG-20250618-WA0177.jpg","jetpack_sharing_enabled":true,"jetpack_likes_enabled":true,"amp_enabled":true,"_links":{"self":[{"href":"https:\/\/encuentroinformativo.com.mx\/index.php?rest_route=\/wp\/v2\/posts\/68574","targetHints":{"allow":["GET"]}}],"collection":[{"href":"https:\/\/encuentroinformativo.com.mx\/index.php?rest_route=\/wp\/v2\/posts"}],"about":[{"href":"https:\/\/encuentroinformativo.com.mx\/index.php?rest_route=\/wp\/v2\/types\/post"}],"author":[{"embeddable":true,"href":"https:\/\/encuentroinformativo.com.mx\/index.php?rest_route=\/wp\/v2\/users\/2476"}],"replies":[{"embeddable":true,"href":"https:\/\/encuentroinformativo.com.mx\/index.php?rest_route=%2Fwp%2Fv2%2Fcomments&post=68574"}],"version-history":[{"count":1,"href":"https:\/\/encuentroinformativo.com.mx\/index.php?rest_route=\/wp\/v2\/posts\/68574\/revisions"}],"predecessor-version":[{"id":68576,"href":"https:\/\/encuentroinformativo.com.mx\/index.php?rest_route=\/wp\/v2\/posts\/68574\/revisions\/68576"}],"wp:featuredmedia":[{"embeddable":true,"href":"https:\/\/encuentroinformativo.com.mx\/index.php?rest_route=\/wp\/v2\/media\/68575"}],"wp:attachment":[{"href":"https:\/\/encuentroinformativo.com.mx\/index.php?rest_route=%2Fwp%2Fv2%2Fmedia&parent=68574"}],"wp:term":[{"taxonomy":"category","embeddable":true,"href":"https:\/\/encuentroinformativo.com.mx\/index.php?rest_route=%2Fwp%2Fv2%2Fcategories&post=68574"},{"taxonomy":"post_tag","embeddable":true,"href":"https:\/\/encuentroinformativo.com.mx\/index.php?rest_route=%2Fwp%2Fv2%2Ftags&post=68574"}],"curies":[{"name":"wp","href":"https:\/\/api.w.org\/{rel}","templated":true}]}}