{"id":68580,"date":"2025-06-18T16:39:18","date_gmt":"2025-06-18T22:39:18","guid":{"rendered":"https:\/\/encuentroinformativo.com.mx\/?p=68580"},"modified":"2025-06-18T16:39:18","modified_gmt":"2025-06-18T22:39:18","slug":"boca-fashion-show-tendra-su-sexta-edicion-este-2025","status":"publish","type":"post","link":"https:\/\/encuentroinformativo.com.mx\/?p=68580","title":{"rendered":"Boca Fashion Show tendr\u00e1 su sexta edici\u00f3n este 2025"},"content":{"rendered":"<p><strong>Alejandro \u00c1vila<\/strong><\/p>\n<p>Veracruz, Ver.- En conferencia de prensa se anunci\u00f3 la ma\u00f1ana de este d\u00eda la sexta edici\u00f3n de la Gala de Moda \u201cBoca Fashion Show\u201d, bajo la direcci\u00f3n de los dise\u00f1adores Ariadna Perdomo y Carlos Ulibarri.<\/p>\n<p>Se inform\u00f3 que la gala de moda tiene como prop\u00f3sito promover la moda mexicana a trav\u00e9s de dise\u00f1adores veracruzanos de gran talento para lograr su proyecci\u00f3n local, estatal y nacional y se efectuar\u00e1 este viernes 20 de junio a partir de las 18:00 horas.<\/p>\n<p>En esta edici\u00f3n se presentan seis dise\u00f1adores veracruzanos con una importante trayectoria en la moda: Pedro Ceja, Carlos Ulibarri, Pablo Virgen, Erick Mart\u00ednez, Laura Z\u00e1rate y Ariadna Perdomo, quienes mostrar\u00e1n sus recientes colecciones.<\/p>\n<p>\u201cEn esta gala, podremos apreciar desde propuestas de moda Pret a Porter, urbana, de gala, regional mexicano, calzado y hasta moda oncol\u00f3gica\u201d, precis\u00f3 la dise\u00f1adora Ariadna Perdomo. Coordinadora general de Boca Fashion Show.<\/p>\n<p>La sede de esta cita con la moda es la concesionaria de autos JAC VERACRUZ ubicada en Ej\u00e9rcito Mexicano 3635 en Boca del R\u00edo, Veracruz. Lugar en el que se contar\u00e1 con la presencia de personalidades de la sociedad veracruzana, empresarios y de la industria de la moda.<\/p>\n<p>Se contar\u00e1 con un performance de la Academia de Danza de la maestra Beatriz Abreu, quienes dar\u00e1n una muestra cultural del aprendizaje de sus alumnas.<\/p>\n<p>Presidieron la conferencia de prensa los dise\u00f1adores Ariadna Perdomo y Carlos Ulibarri, as\u00ed como Beatriz Abreu, directora de \u201cBeatriz Abreu C\u00e1tedra de Danza\u201d; Guillermo Vald\u00e9s, gerente general de JAC Veracruz y la escritora July Alfaro, quien fungir\u00e1 como conductora del evento.<\/p>\n","protected":false},"excerpt":{"rendered":"<p>Alejandro \u00c1vila Veracruz, Ver.- En conferencia de prensa se anunci\u00f3 la ma\u00f1ana de este d\u00eda la sexta edici\u00f3n de la Gala de Moda \u201cBoca Fashion Show\u201d, bajo la direcci\u00f3n de los dise\u00f1adores Ariadna Perdomo y Carlos Ulibarri. Se inform\u00f3 que la gala de moda tiene como prop\u00f3sito promover la moda mexicana a trav\u00e9s de dise\u00f1adores [&hellip;]<\/p>\n","protected":false},"author":2476,"featured_media":68581,"comment_status":"open","ping_status":"open","sticky":false,"template":"","format":"standard","meta":{"_jetpack_memberships_contains_paid_content":false,"footnotes":""},"categories":[2],"tags":[],"class_list":["post-68580","post","type-post","status-publish","format-standard","has-post-thumbnail","hentry","category-estado"],"jetpack_featured_media_url":"https:\/\/encuentroinformativo.com.mx\/wp-content\/uploads\/2025\/06\/IMG-20250618-WA02222-scaled.jpg","jetpack_sharing_enabled":true,"jetpack_likes_enabled":true,"amp_enabled":true,"_links":{"self":[{"href":"https:\/\/encuentroinformativo.com.mx\/index.php?rest_route=\/wp\/v2\/posts\/68580","targetHints":{"allow":["GET"]}}],"collection":[{"href":"https:\/\/encuentroinformativo.com.mx\/index.php?rest_route=\/wp\/v2\/posts"}],"about":[{"href":"https:\/\/encuentroinformativo.com.mx\/index.php?rest_route=\/wp\/v2\/types\/post"}],"author":[{"embeddable":true,"href":"https:\/\/encuentroinformativo.com.mx\/index.php?rest_route=\/wp\/v2\/users\/2476"}],"replies":[{"embeddable":true,"href":"https:\/\/encuentroinformativo.com.mx\/index.php?rest_route=%2Fwp%2Fv2%2Fcomments&post=68580"}],"version-history":[{"count":1,"href":"https:\/\/encuentroinformativo.com.mx\/index.php?rest_route=\/wp\/v2\/posts\/68580\/revisions"}],"predecessor-version":[{"id":68582,"href":"https:\/\/encuentroinformativo.com.mx\/index.php?rest_route=\/wp\/v2\/posts\/68580\/revisions\/68582"}],"wp:featuredmedia":[{"embeddable":true,"href":"https:\/\/encuentroinformativo.com.mx\/index.php?rest_route=\/wp\/v2\/media\/68581"}],"wp:attachment":[{"href":"https:\/\/encuentroinformativo.com.mx\/index.php?rest_route=%2Fwp%2Fv2%2Fmedia&parent=68580"}],"wp:term":[{"taxonomy":"category","embeddable":true,"href":"https:\/\/encuentroinformativo.com.mx\/index.php?rest_route=%2Fwp%2Fv2%2Fcategories&post=68580"},{"taxonomy":"post_tag","embeddable":true,"href":"https:\/\/encuentroinformativo.com.mx\/index.php?rest_route=%2Fwp%2Fv2%2Ftags&post=68580"}],"curies":[{"name":"wp","href":"https:\/\/api.w.org\/{rel}","templated":true}]}}