{"id":68592,"date":"2025-06-19T09:14:58","date_gmt":"2025-06-19T15:14:58","guid":{"rendered":"https:\/\/encuentroinformativo.com.mx\/?p=68592"},"modified":"2025-06-19T09:14:58","modified_gmt":"2025-06-19T15:14:58","slug":"tras-cese-de-director-estudiantes-toman-el-colegio-preparatorio","status":"publish","type":"post","link":"https:\/\/encuentroinformativo.com.mx\/?p=68592","title":{"rendered":"Tras cese de director, estudiantes toman el Colegio Preparatorio"},"content":{"rendered":"<p><strong>Dar\u00edo Pale<\/strong><\/p>\n<p>Xalapa, Ver.- Tal y como lo hab\u00edan anunciado el d\u00eda de ayer despu\u00e9s de conocer la destituci\u00f3n del director Luis Manuel Gonz\u00e1lez Garc\u00eda, decisi\u00f3n tomada por la Direcci\u00f3n General de Bachillerato (DGB) y que consideran injusta, opaca y dolorosa para toda la comunidad educativa, hoy volvieron a bloquear la calle Benito Ju\u00e1rez y tomaron el plantel educativo en protesta por tal decisi\u00f3n.<\/p>\n<p>El Consejo Estudiantil del Colegio Preparatorio de Xalapa alz\u00f3 la voz el d\u00eda de ayer para rechazar la destituci\u00f3n de su director, y a trav\u00e9s de un comunicado difundido a los estudiantes denunciaron que la resoluci\u00f3n de cesar al director no solo vulnera su derecho a ser escuchados, sino que tambi\u00e9n deja al descubierto una preocupante desconexi\u00f3n entre las autoridades educativas y la realidad de quienes viven el d\u00eda a d\u00eda en las aulas.<\/p>\n<p>Gonz\u00e1lez Garc\u00eda fue director del turno matutino durante los \u00faltimos cuatro a\u00f1os y, a inicios de junio, hab\u00eda sido ratificado en el cargo. Sin embargo, horas despu\u00e9s, fue notificado de una investigaci\u00f3n administrativa en su contra por un presunto caso de acoso, lo que deriv\u00f3 en su separaci\u00f3n. Seg\u00fan padres y alumnos, el trasfondo del caso ser\u00eda pol\u00edtico, pues el docente hab\u00eda expresado p\u00fablicamente su cr\u00edtica hacia Morena, el partido en el poder.<\/p>\n<p>Pese a la promesa de una respuesta oficial en 10 d\u00edas h\u00e1biles tras una reuni\u00f3n con autoridades estatales, este 18 de junio se confirm\u00f3 su destituci\u00f3n, por lo que esta acci\u00f3n encendi\u00f3 a\u00fan m\u00e1s el malestar entre los estudiantes, quienes se sienten agraviados no solo por la salida del director, sino por el desd\u00e9n con que aseguran fueron tratados.<\/p>\n<p>Adem\u00e1s de exigir la restituci\u00f3n inmediata del profesor, los j\u00f3venes demandan transparencia en los criterios que llevaron a su cese, as\u00ed como un compromiso real para que las futuras decisiones respondan al inter\u00e9s educativo y no a agendas pol\u00edticas.<\/p>\n<p>Por lo anterior el d\u00eda de hoy decidieron bloquear la calle Benito Ju\u00e1rez y tomaron el plantel educativo como protesta por la destituci\u00f3n del director.<\/p>\n<p><img loading=\"lazy\" decoding=\"async\" class=\"aligncenter size-medium wp-image-68594\" src=\"https:\/\/encuentroinformativo.com.mx\/wp-content\/uploads\/2025\/06\/IMG-20250619-WA0057-300x132.jpg\" alt=\"\" width=\"300\" height=\"132\" srcset=\"https:\/\/encuentroinformativo.com.mx\/wp-content\/uploads\/2025\/06\/IMG-20250619-WA0057-300x132.jpg 300w, https:\/\/encuentroinformativo.com.mx\/wp-content\/uploads\/2025\/06\/IMG-20250619-WA0057-1024x449.jpg 1024w, https:\/\/encuentroinformativo.com.mx\/wp-content\/uploads\/2025\/06\/IMG-20250619-WA0057-768x337.jpg 768w, https:\/\/encuentroinformativo.com.mx\/wp-content\/uploads\/2025\/06\/IMG-20250619-WA0057-1536x674.jpg 1536w, https:\/\/encuentroinformativo.com.mx\/wp-content\/uploads\/2025\/06\/IMG-20250619-WA0057.jpg 1600w\" sizes=\"auto, (max-width: 300px) 100vw, 300px\" \/><\/p>\n","protected":false},"excerpt":{"rendered":"<p>Dar\u00edo Pale Xalapa, Ver.- Tal y como lo hab\u00edan anunciado el d\u00eda de ayer despu\u00e9s de conocer la destituci\u00f3n del director Luis Manuel Gonz\u00e1lez Garc\u00eda, decisi\u00f3n tomada por la Direcci\u00f3n General de Bachillerato (DGB) y que consideran injusta, opaca y dolorosa para toda la comunidad educativa, hoy volvieron a bloquear la calle Benito Ju\u00e1rez y [&hellip;]<\/p>\n","protected":false},"author":2476,"featured_media":68593,"comment_status":"open","ping_status":"open","sticky":false,"template":"","format":"standard","meta":{"_jetpack_memberships_contains_paid_content":false,"footnotes":""},"categories":[3],"tags":[],"class_list":["post-68592","post","type-post","status-publish","format-standard","has-post-thumbnail","hentry","category-xalapa"],"jetpack_featured_media_url":"https:\/\/encuentroinformativo.com.mx\/wp-content\/uploads\/2025\/06\/IMG-20250619-WA0059.jpg","jetpack_sharing_enabled":true,"jetpack_likes_enabled":true,"amp_enabled":true,"_links":{"self":[{"href":"https:\/\/encuentroinformativo.com.mx\/index.php?rest_route=\/wp\/v2\/posts\/68592","targetHints":{"allow":["GET"]}}],"collection":[{"href":"https:\/\/encuentroinformativo.com.mx\/index.php?rest_route=\/wp\/v2\/posts"}],"about":[{"href":"https:\/\/encuentroinformativo.com.mx\/index.php?rest_route=\/wp\/v2\/types\/post"}],"author":[{"embeddable":true,"href":"https:\/\/encuentroinformativo.com.mx\/index.php?rest_route=\/wp\/v2\/users\/2476"}],"replies":[{"embeddable":true,"href":"https:\/\/encuentroinformativo.com.mx\/index.php?rest_route=%2Fwp%2Fv2%2Fcomments&post=68592"}],"version-history":[{"count":1,"href":"https:\/\/encuentroinformativo.com.mx\/index.php?rest_route=\/wp\/v2\/posts\/68592\/revisions"}],"predecessor-version":[{"id":68595,"href":"https:\/\/encuentroinformativo.com.mx\/index.php?rest_route=\/wp\/v2\/posts\/68592\/revisions\/68595"}],"wp:featuredmedia":[{"embeddable":true,"href":"https:\/\/encuentroinformativo.com.mx\/index.php?rest_route=\/wp\/v2\/media\/68593"}],"wp:attachment":[{"href":"https:\/\/encuentroinformativo.com.mx\/index.php?rest_route=%2Fwp%2Fv2%2Fmedia&parent=68592"}],"wp:term":[{"taxonomy":"category","embeddable":true,"href":"https:\/\/encuentroinformativo.com.mx\/index.php?rest_route=%2Fwp%2Fv2%2Fcategories&post=68592"},{"taxonomy":"post_tag","embeddable":true,"href":"https:\/\/encuentroinformativo.com.mx\/index.php?rest_route=%2Fwp%2Fv2%2Ftags&post=68592"}],"curies":[{"name":"wp","href":"https:\/\/api.w.org\/{rel}","templated":true}]}}