{"id":68599,"date":"2025-06-19T09:46:31","date_gmt":"2025-06-19T15:46:31","guid":{"rendered":"https:\/\/encuentroinformativo.com.mx\/?p=68599"},"modified":"2025-06-19T09:46:31","modified_gmt":"2025-06-19T15:46:31","slug":"renuncio-otra-consejera-de-la-junta-de-gobierno-en-la-uv","status":"publish","type":"post","link":"https:\/\/encuentroinformativo.com.mx\/?p=68599","title":{"rendered":"Renunci\u00f3 otra consejera de la Junta de Gobierno en la UV"},"content":{"rendered":"<p><strong>Dar\u00edo Pale<\/strong><\/p>\n<p>Xalapa, Ver.- La noche de este mi\u00e9rcoles se present\u00f3 la segunda renuncia de una integrante de la junta de gobierno de la Universidad Veracruzana (UV), en esta ocasi\u00f3n fue la doctora Haydee Zizumbo Ram\u00edrez.<\/p>\n<p>A trav\u00e9s de un comunicado dirigido a la comunidad universitaria de la UV la doctora se\u00f1ala que, debido a sus valores y \u00e9tica profesional renucia como integrante de la Honorable Junta de Gobierno de la Universidad Veracruzana.<\/p>\n<p>En dicho documento se\u00f1ala lo siguiente:<\/p>\n<p>A la comunidad universitaria de la Universidad Veracruzana<\/p>\n<p>Por medio de la presente, con profundo pesar, pero con la firmeza que me dan los principios, valores y conducci\u00f3n \u00e9tica universitaria que ha regido mi vida, hago del conocimiento p\u00fablico que he renunciado irrevocablemente como integrante de la Honorable Junta de Gobierno de la Universidad Veracruzana, mi alma mater.<\/p>\n<p>Esta decisi\u00f3n, profundamente meditada y ponderada en sus repercusiones ante la actual situaci\u00f3n de crisis que atraviesa la Universidad, que me ha acogido desde mis tiempos estudiantiles, responde a razones que no puedo ni debo aceptar.<\/p>\n<p>He decidido no participar en un proceso que pone en riesgo la legitimidad para la vida plena y sana de mi querida Universidad Veracruzana, y que compromete m\u00e1s de 80 a\u00f1os de prestigio institucional, considerando que no coincido con la interpretaci\u00f3n de las leyes en este proceso.<\/p>\n<p>En congruencia con mis convicciones y con el respeto que merece el \u00f3rgano de gobierno y mi propia alma mater, estimo que lo m\u00e1s responsable y coherente es presentar mi renuncia a la encomienda que me fue conferida.<\/p>\n<p>Manifiesto mi reconocimiento a los exmiembros de la Junta de Gobierno y a los exrectores por la postura que han expresado respecto a este proceso.<\/p>\n<p>Agradezco al Consejo Universitario General de la Universidad Veracruzana la oportunidad de haber servido en este \u00f3rgano de gobierno, por lo cual me sent\u00ed muy honrada y hago propio el momento para reiterar mi respeto a la instituci\u00f3n, por sus principios fundacionales y por su comunidad acad\u00e9mica, y hago votos porque prevalezcan siempre la legalidad, la transparencia y la integridad en la conducci\u00f3n de sus procesos fundamentales.<\/p>\n<p>Espero que esta renuncia no conlleve acto alguno de represalia en cualquiera de las esferas de mi vida personal y profesional. Continuar\u00e9 desarrollando mis labores acad\u00e9micas, formando profesionistas que se sientan orgullosos de la Universidad Veracruzana.<\/p>\n<p>Con esta carta, de frente a la opini\u00f3n p\u00fablica y a la comunidad universitaria que deposit\u00f3 en m\u00ed su confianza para conducirme con responsabilidad dentro de este \u00f3rgano de gobierno, les reafirmo que mi actuar siempre lo condujo la conciencia, la integridad y lealtad con los m\u00e1s altos valores y principios que deber\u00edan guiar a toda instituci\u00f3n p\u00fablica comprometida con el conocimiento, con la verdad y con la justicia.<\/p>\n<p>Atentamente,<\/p>\n<p>Dra. Haydee Zizumbo Ram\u00edrez<br \/>\nVeracruz, Ver., junio 18 de 2025<\/p>\n<p>Finaliza el documento.<\/p>\n","protected":false},"excerpt":{"rendered":"<p>Dar\u00edo Pale Xalapa, Ver.- La noche de este mi\u00e9rcoles se present\u00f3 la segunda renuncia de una integrante de la junta de gobierno de la Universidad Veracruzana (UV), en esta ocasi\u00f3n fue la doctora Haydee Zizumbo Ram\u00edrez. A trav\u00e9s de un comunicado dirigido a la comunidad universitaria de la UV la doctora se\u00f1ala que, debido a [&hellip;]<\/p>\n","protected":false},"author":2476,"featured_media":68600,"comment_status":"open","ping_status":"open","sticky":false,"template":"","format":"standard","meta":{"_jetpack_memberships_contains_paid_content":false,"footnotes":""},"categories":[2],"tags":[],"class_list":["post-68599","post","type-post","status-publish","format-standard","has-post-thumbnail","hentry","category-estado"],"jetpack_featured_media_url":"https:\/\/encuentroinformativo.com.mx\/wp-content\/uploads\/2025\/06\/IMG-20250619-WA0082.jpg","jetpack_sharing_enabled":true,"jetpack_likes_enabled":true,"amp_enabled":true,"_links":{"self":[{"href":"https:\/\/encuentroinformativo.com.mx\/index.php?rest_route=\/wp\/v2\/posts\/68599","targetHints":{"allow":["GET"]}}],"collection":[{"href":"https:\/\/encuentroinformativo.com.mx\/index.php?rest_route=\/wp\/v2\/posts"}],"about":[{"href":"https:\/\/encuentroinformativo.com.mx\/index.php?rest_route=\/wp\/v2\/types\/post"}],"author":[{"embeddable":true,"href":"https:\/\/encuentroinformativo.com.mx\/index.php?rest_route=\/wp\/v2\/users\/2476"}],"replies":[{"embeddable":true,"href":"https:\/\/encuentroinformativo.com.mx\/index.php?rest_route=%2Fwp%2Fv2%2Fcomments&post=68599"}],"version-history":[{"count":1,"href":"https:\/\/encuentroinformativo.com.mx\/index.php?rest_route=\/wp\/v2\/posts\/68599\/revisions"}],"predecessor-version":[{"id":68601,"href":"https:\/\/encuentroinformativo.com.mx\/index.php?rest_route=\/wp\/v2\/posts\/68599\/revisions\/68601"}],"wp:featuredmedia":[{"embeddable":true,"href":"https:\/\/encuentroinformativo.com.mx\/index.php?rest_route=\/wp\/v2\/media\/68600"}],"wp:attachment":[{"href":"https:\/\/encuentroinformativo.com.mx\/index.php?rest_route=%2Fwp%2Fv2%2Fmedia&parent=68599"}],"wp:term":[{"taxonomy":"category","embeddable":true,"href":"https:\/\/encuentroinformativo.com.mx\/index.php?rest_route=%2Fwp%2Fv2%2Fcategories&post=68599"},{"taxonomy":"post_tag","embeddable":true,"href":"https:\/\/encuentroinformativo.com.mx\/index.php?rest_route=%2Fwp%2Fv2%2Ftags&post=68599"}],"curies":[{"name":"wp","href":"https:\/\/api.w.org\/{rel}","templated":true}]}}