{"id":6860,"date":"2020-10-13T13:20:59","date_gmt":"2020-10-13T18:20:59","guid":{"rendered":"https:\/\/encuentroinformativo.com.mx\/?p=6860"},"modified":"2020-10-13T13:21:30","modified_gmt":"2020-10-13T18:21:30","slug":"mensajes-no-nos-intimidan-gobernador","status":"publish","type":"post","link":"https:\/\/encuentroinformativo.com.mx\/?p=6860","title":{"rendered":"Mensajes no nos intimidan: Gobernador"},"content":{"rendered":"\n<p><strong>Dar\u00edo Pale <\/strong><\/p>\n\n\n\n<p>Xalapa, Ver.- El Gobernador de Veracruz, Cuitl\u00e1huac Garc\u00eda Jim\u00e9nez\u00a0 reiter\u00f3 que su administraci\u00f3n no se intimida con mensajes de la delincuencia organizada a trav\u00e9s de lonas y que no dialogar\u00e1 de esa manera con los grupos delincuenciales,\u00a0&#8220;no vamos a dialogar a trav\u00e9s de lonas con la delincuencia organizada&#8221;.<\/p>\n\n\n\n<p>Entrevistado en conocido caf\u00e9 de la calle de Zaragoza, se\u00f1al\u00f3 que lo\u00a0anterior es en alusi\u00f3n a un mensaje dirigido a un fiscal de distrito en Xalapa que en una lona apareci\u00f3 este martes en cerca de la Fiscal\u00eda General del Estado, &#8220;nosotros vamos tras todos ellos&#8221;.<\/p>\n\n\n\n<p>&#8220;No habr\u00e1 ning\u00fan tipo de acuerdo, pacto ni mucho menos nos vamos a dejar intimidar. Vamos tras todos ellos. Ya les dejamos muy claro: con esta administraci\u00f3n no hay pactos y se acab\u00f3 la impunidad&#8221; insisti\u00f3.<\/p>\n\n\n\n<p><strong>Retorno a clases<\/strong><\/p>\n\n\n\n<p>En otro orden de ideas dio a conocer que a\u00a0inicios del pr\u00f3ximo a\u00f1o se podr\u00edan reanudar las clases presenciales en Veracruz si la poblaci\u00f3n sigue las medidas sanitarias para evitar contagios de coronavirus,\u00a0&#8220;si nos vamos con estos cuidados todo diciembre, yo creo que la superamos. Llegamos al verde y podr\u00edamos el pr\u00f3ximo a\u00f1o iniciar clases con sem\u00e1foro verde&#8221;.<\/p>\n\n\n\n<p>Finalmente cabe recordar que Veracruz a nivel nacional cambi\u00f3 a color amarillo,\u00a0&#8220;Depende mucho de que la sociedad atienda las medidas&#8221;, el\u00a0cambio a sem\u00e1foro verde se estima a inicios del siguiente a\u00f1o, de acuerdo a los cambios en los sem\u00e1foros regionales.<\/p>\n","protected":false},"excerpt":{"rendered":"<p>Dar\u00edo Pale Xalapa, Ver.- El Gobernador de Veracruz, Cuitl\u00e1huac Garc\u00eda Jim\u00e9nez\u00a0 reiter\u00f3 que su administraci\u00f3n no se intimida con mensajes de la delincuencia organizada a trav\u00e9s de lonas y que no dialogar\u00e1 de esa manera con los grupos delincuenciales,\u00a0&#8220;no vamos a dialogar a trav\u00e9s de lonas con la delincuencia organizada&#8221;. Entrevistado en conocido caf\u00e9 de [&hellip;]<\/p>\n","protected":false},"author":1,"featured_media":6861,"comment_status":"open","ping_status":"open","sticky":false,"template":"","format":"standard","meta":{"_jetpack_memberships_contains_paid_content":false,"footnotes":""},"categories":[2],"tags":[],"class_list":["post-6860","post","type-post","status-publish","format-standard","has-post-thumbnail","hentry","category-estado"],"jetpack_featured_media_url":"https:\/\/encuentroinformativo.com.mx\/wp-content\/uploads\/2020\/10\/9057E87B-B8D0-407A-91EB-DB558CA82878.jpeg","jetpack_sharing_enabled":true,"jetpack_likes_enabled":true,"amp_enabled":true,"_links":{"self":[{"href":"https:\/\/encuentroinformativo.com.mx\/index.php?rest_route=\/wp\/v2\/posts\/6860","targetHints":{"allow":["GET"]}}],"collection":[{"href":"https:\/\/encuentroinformativo.com.mx\/index.php?rest_route=\/wp\/v2\/posts"}],"about":[{"href":"https:\/\/encuentroinformativo.com.mx\/index.php?rest_route=\/wp\/v2\/types\/post"}],"author":[{"embeddable":true,"href":"https:\/\/encuentroinformativo.com.mx\/index.php?rest_route=\/wp\/v2\/users\/1"}],"replies":[{"embeddable":true,"href":"https:\/\/encuentroinformativo.com.mx\/index.php?rest_route=%2Fwp%2Fv2%2Fcomments&post=6860"}],"version-history":[{"count":1,"href":"https:\/\/encuentroinformativo.com.mx\/index.php?rest_route=\/wp\/v2\/posts\/6860\/revisions"}],"predecessor-version":[{"id":6862,"href":"https:\/\/encuentroinformativo.com.mx\/index.php?rest_route=\/wp\/v2\/posts\/6860\/revisions\/6862"}],"wp:featuredmedia":[{"embeddable":true,"href":"https:\/\/encuentroinformativo.com.mx\/index.php?rest_route=\/wp\/v2\/media\/6861"}],"wp:attachment":[{"href":"https:\/\/encuentroinformativo.com.mx\/index.php?rest_route=%2Fwp%2Fv2%2Fmedia&parent=6860"}],"wp:term":[{"taxonomy":"category","embeddable":true,"href":"https:\/\/encuentroinformativo.com.mx\/index.php?rest_route=%2Fwp%2Fv2%2Fcategories&post=6860"},{"taxonomy":"post_tag","embeddable":true,"href":"https:\/\/encuentroinformativo.com.mx\/index.php?rest_route=%2Fwp%2Fv2%2Ftags&post=6860"}],"curies":[{"name":"wp","href":"https:\/\/api.w.org\/{rel}","templated":true}]}}