{"id":68605,"date":"2025-06-19T11:23:13","date_gmt":"2025-06-19T17:23:13","guid":{"rendered":"https:\/\/encuentroinformativo.com.mx\/?p=68605"},"modified":"2025-06-19T11:23:13","modified_gmt":"2025-06-19T17:23:13","slug":"tras-ataque-un-muerto-y-una-mujer-gravemente-herida-en-martinez-de-la-torre","status":"publish","type":"post","link":"https:\/\/encuentroinformativo.com.mx\/?p=68605","title":{"rendered":"Tras ataque, un muerto y una mujer gravemente herida en Mart\u00ednez de la Torre\u00a0"},"content":{"rendered":"<p><strong>Jos\u00e9 Vargas<\/strong><\/p>\n<p>Mart\u00ednez de la Torre, Ver.- Un nuevo hecho de violencia estremeci\u00f3 la noche de este mi\u00e9rcoles al municipio de Mart\u00ednez de la Torre, donde un ataque armado dej\u00f3 como saldo un hombre muerto y una mujer gravemente herida.<\/p>\n<p>El ataque se registr\u00f3 alrededor de las 21:30 horas sobre la calle \u00c1lvaro Obreg\u00f3n, en la colonia Predio Vista Hermosa. Sujetos armados interceptaron una camioneta Jeep Grand Cherokee, con placas 859ZNE del antiguo Distrito Federal, y abrieron fuego en repetidas ocasiones contra el veh\u00edculo.<\/p>\n<p>A bordo de la unidad viajaba una pareja. El conductor, cuya identidad a\u00fan no ha sido confirmada oficialmente, muri\u00f3 al instante tras recibir m\u00faltiples impactos de bala. Su acompa\u00f1ante, identificada como Josel\u00edn Miranda, fue alcanzada por un disparo en la espalda que le perfor\u00f3 un pulm\u00f3n, por lo que su estado de salud es delicado.<\/p>\n<p>Elementos de la Polic\u00eda Municipal y Estatal acudieron r\u00e1pidamente al sitio para asegurar la zona y desplegar un operativo en b\u00fasqueda de los responsables, quienes huyeron del lugar tras perpetrar el ataque. Paralelamente, param\u00e9dicos de Protecci\u00f3n Civil y Bomberos brindaron los primeros auxilios a la mujer herida, quien fue trasladada de emergencia a un hospital bajo un fuerte resguardo policial.<\/p>\n<p>La escena fue acordonada por las autoridades mientras personal de la Fiscal\u00eda General del Estado, apoyado por elementos de la Polic\u00eda Ministerial, realiz\u00f3 el levantamiento del cuerpo y las diligencias periciales correspondientes para la apertura de la carpeta de investigaci\u00f3n.<\/p>\n<p>Hasta el momento, no se ha informado sobre personas detenidas ni sobre el posible m\u00f3vil de este ataque, que vuelve a encender las alertas en un municipio que ha registrado diversos episodios violentos en los \u00faltimos meses.<\/p>\n<p>Las autoridades ministeriales contin\u00faan con las investigaciones para esclarecer los hechos y dar con los responsables.<\/p>\n","protected":false},"excerpt":{"rendered":"<p>Jos\u00e9 Vargas Mart\u00ednez de la Torre, Ver.- Un nuevo hecho de violencia estremeci\u00f3 la noche de este mi\u00e9rcoles al municipio de Mart\u00ednez de la Torre, donde un ataque armado dej\u00f3 como saldo un hombre muerto y una mujer gravemente herida. El ataque se registr\u00f3 alrededor de las 21:30 horas sobre la calle \u00c1lvaro Obreg\u00f3n, en [&hellip;]<\/p>\n","protected":false},"author":2476,"featured_media":68606,"comment_status":"open","ping_status":"open","sticky":false,"template":"","format":"standard","meta":{"_jetpack_memberships_contains_paid_content":false,"footnotes":""},"categories":[14],"tags":[],"class_list":["post-68605","post","type-post","status-publish","format-standard","has-post-thumbnail","hentry","category-policiaca"],"jetpack_featured_media_url":"https:\/\/encuentroinformativo.com.mx\/wp-content\/uploads\/2025\/06\/IMG-20250619-WA00192.jpg","jetpack_sharing_enabled":true,"jetpack_likes_enabled":true,"amp_enabled":true,"_links":{"self":[{"href":"https:\/\/encuentroinformativo.com.mx\/index.php?rest_route=\/wp\/v2\/posts\/68605","targetHints":{"allow":["GET"]}}],"collection":[{"href":"https:\/\/encuentroinformativo.com.mx\/index.php?rest_route=\/wp\/v2\/posts"}],"about":[{"href":"https:\/\/encuentroinformativo.com.mx\/index.php?rest_route=\/wp\/v2\/types\/post"}],"author":[{"embeddable":true,"href":"https:\/\/encuentroinformativo.com.mx\/index.php?rest_route=\/wp\/v2\/users\/2476"}],"replies":[{"embeddable":true,"href":"https:\/\/encuentroinformativo.com.mx\/index.php?rest_route=%2Fwp%2Fv2%2Fcomments&post=68605"}],"version-history":[{"count":2,"href":"https:\/\/encuentroinformativo.com.mx\/index.php?rest_route=\/wp\/v2\/posts\/68605\/revisions"}],"predecessor-version":[{"id":68608,"href":"https:\/\/encuentroinformativo.com.mx\/index.php?rest_route=\/wp\/v2\/posts\/68605\/revisions\/68608"}],"wp:featuredmedia":[{"embeddable":true,"href":"https:\/\/encuentroinformativo.com.mx\/index.php?rest_route=\/wp\/v2\/media\/68606"}],"wp:attachment":[{"href":"https:\/\/encuentroinformativo.com.mx\/index.php?rest_route=%2Fwp%2Fv2%2Fmedia&parent=68605"}],"wp:term":[{"taxonomy":"category","embeddable":true,"href":"https:\/\/encuentroinformativo.com.mx\/index.php?rest_route=%2Fwp%2Fv2%2Fcategories&post=68605"},{"taxonomy":"post_tag","embeddable":true,"href":"https:\/\/encuentroinformativo.com.mx\/index.php?rest_route=%2Fwp%2Fv2%2Ftags&post=68605"}],"curies":[{"name":"wp","href":"https:\/\/api.w.org\/{rel}","templated":true}]}}