{"id":68609,"date":"2025-06-19T11:59:49","date_gmt":"2025-06-19T17:59:49","guid":{"rendered":"https:\/\/encuentroinformativo.com.mx\/?p=68609"},"modified":"2025-06-19T11:59:49","modified_gmt":"2025-06-19T17:59:49","slug":"shakira-va-a-facturar-en-veracruz-en-el-pirata-fuente","status":"publish","type":"post","link":"https:\/\/encuentroinformativo.com.mx\/?p=68609","title":{"rendered":"Shakira va a facturar en Veracruz en el &#8220;Pirata&#8221; Fuente\u00a0"},"content":{"rendered":"<p><strong>Alejandro \u00c1vila<\/strong><\/p>\n<p>Veracruz, Ver.- La ma\u00f1ana de este jueves 19 de junio se confirm\u00f3 el concierto de la colombiana Shakira en Veracruz para el pr\u00f3ximo 24 de septiembre del 2025, evento que se llevar\u00e1 a cabo en el estadio de f\u00fatbol Luis &#8220;Pirata&#8221; de la Fuente.<\/p>\n<p>La empresa Ocesa mencion\u00f3 que la preventa de boletos iniciar\u00e1 el pr\u00f3ximo 24 de junio para tarjetahabientes de Banamex, que quieran obtener su entrada para el World Tour &#8220;Las Mujeres ya no Lloran&#8221;.<\/p>\n<p>Cabe recordar que la \u00faltima presentaci\u00f3n de Shakira en Veracruz se llev\u00f3 a cabo el 18 de mayo en el mismo recinto, es decir, el estadio de f\u00fatbol Luis &#8220;Pirata&#8221; de la Fuente, cuando trajo su tour &#8220;Fijaci\u00f3n Oral&#8221;.<\/p>\n","protected":false},"excerpt":{"rendered":"<p>Alejandro \u00c1vila Veracruz, Ver.- La ma\u00f1ana de este jueves 19 de junio se confirm\u00f3 el concierto de la colombiana Shakira en Veracruz para el pr\u00f3ximo 24 de septiembre del 2025, evento que se llevar\u00e1 a cabo en el estadio de f\u00fatbol Luis &#8220;Pirata&#8221; de la Fuente. La empresa Ocesa mencion\u00f3 que la preventa de boletos [&hellip;]<\/p>\n","protected":false},"author":2476,"featured_media":68610,"comment_status":"open","ping_status":"open","sticky":false,"template":"","format":"standard","meta":{"_jetpack_memberships_contains_paid_content":false,"footnotes":""},"categories":[2],"tags":[],"class_list":["post-68609","post","type-post","status-publish","format-standard","has-post-thumbnail","hentry","category-estado"],"jetpack_featured_media_url":"https:\/\/encuentroinformativo.com.mx\/wp-content\/uploads\/2025\/06\/IMG-20250619-WA0113.jpg","jetpack_sharing_enabled":true,"jetpack_likes_enabled":true,"amp_enabled":true,"_links":{"self":[{"href":"https:\/\/encuentroinformativo.com.mx\/index.php?rest_route=\/wp\/v2\/posts\/68609","targetHints":{"allow":["GET"]}}],"collection":[{"href":"https:\/\/encuentroinformativo.com.mx\/index.php?rest_route=\/wp\/v2\/posts"}],"about":[{"href":"https:\/\/encuentroinformativo.com.mx\/index.php?rest_route=\/wp\/v2\/types\/post"}],"author":[{"embeddable":true,"href":"https:\/\/encuentroinformativo.com.mx\/index.php?rest_route=\/wp\/v2\/users\/2476"}],"replies":[{"embeddable":true,"href":"https:\/\/encuentroinformativo.com.mx\/index.php?rest_route=%2Fwp%2Fv2%2Fcomments&post=68609"}],"version-history":[{"count":1,"href":"https:\/\/encuentroinformativo.com.mx\/index.php?rest_route=\/wp\/v2\/posts\/68609\/revisions"}],"predecessor-version":[{"id":68611,"href":"https:\/\/encuentroinformativo.com.mx\/index.php?rest_route=\/wp\/v2\/posts\/68609\/revisions\/68611"}],"wp:featuredmedia":[{"embeddable":true,"href":"https:\/\/encuentroinformativo.com.mx\/index.php?rest_route=\/wp\/v2\/media\/68610"}],"wp:attachment":[{"href":"https:\/\/encuentroinformativo.com.mx\/index.php?rest_route=%2Fwp%2Fv2%2Fmedia&parent=68609"}],"wp:term":[{"taxonomy":"category","embeddable":true,"href":"https:\/\/encuentroinformativo.com.mx\/index.php?rest_route=%2Fwp%2Fv2%2Fcategories&post=68609"},{"taxonomy":"post_tag","embeddable":true,"href":"https:\/\/encuentroinformativo.com.mx\/index.php?rest_route=%2Fwp%2Fv2%2Ftags&post=68609"}],"curies":[{"name":"wp","href":"https:\/\/api.w.org\/{rel}","templated":true}]}}