{"id":68617,"date":"2025-06-19T12:15:12","date_gmt":"2025-06-19T18:15:12","guid":{"rendered":"https:\/\/encuentroinformativo.com.mx\/?p=68617"},"modified":"2025-06-19T12:15:12","modified_gmt":"2025-06-19T18:15:12","slug":"anuncian-coronacion-de-corte-real-lgbti-del-carnaval-de-veracruz","status":"publish","type":"post","link":"https:\/\/encuentroinformativo.com.mx\/?p=68617","title":{"rendered":"Anuncian coronaci\u00f3n de Corte Real LGBTI del Carnaval de Veracruz"},"content":{"rendered":"<p><strong>Alejandro \u00c1vila<\/strong><\/p>\n<p>Veracruz, Ver.- Ser\u00e1 el pr\u00f3ximo 21 de junio cuando se corone a la Corte Real LGBTI de la comunidad &#8220;Por un Veracruz sin Discriminaci\u00f3n&#8221;, mencion\u00f3 la presidenta de la Asociaci\u00f3n Civil, Flippy Morales de Franco.<\/p>\n<p>Previo al evento que se llevar\u00e1 a cabo en el Teatro de la Reforma, se realizar\u00e1 una rumbata desde el Baluarte de Santiago hasta el mencionado recinto, posterior a la coronaci\u00f3n se realizar\u00e1 la obra teatral &#8220;Aventurera La Parodia&#8221;, totalmente gratuita.<\/p>\n<p>Flippy Morales mencion\u00f3 que ya tuvieron acercamiento con la alcaldesa electa, Rosa Mar\u00eda Hern\u00e1ndez Espejo, a qui\u00e9n se le hicieron las solicitudes comunes en apoyo a la comunidad LGBTI, sobre todo, la capacitaci\u00f3n de los funcionarios municipales.<\/p>\n<p>&#8220;Como toda l\u00edder, como toda servidor p\u00fablico atendi\u00f3 a la comunidad, y lo que se dijo ah\u00ed creo que es lo que ya todos conocemos y sabemos, las necesidades que tenemos dentro de la comunidad LGBTI, y que necesitamos muchos cuando venga alguien a gobernar que no nada m\u00e1s nos ocupe para el voto, que con el centro de la silla no se atienda y no se escuche y que nos haga el favor de poder resolver ciertos problemas que tenemos dentro de la comunidad (&#8230;) seguridad, capacitaci\u00f3n para todos los servidores p\u00fablicos, que sean m\u00e1s emp\u00e1ticos con la comunidad, salud, es muy importante la salud, porque yo creo que todos los gobiernos desde arriba hasta abajo creo que tiene la oportunidad de tener mejores servicios de salud&#8221;, declar\u00f3.<\/p>\n","protected":false},"excerpt":{"rendered":"<p>Alejandro \u00c1vila Veracruz, Ver.- Ser\u00e1 el pr\u00f3ximo 21 de junio cuando se corone a la Corte Real LGBTI de la comunidad &#8220;Por un Veracruz sin Discriminaci\u00f3n&#8221;, mencion\u00f3 la presidenta de la Asociaci\u00f3n Civil, Flippy Morales de Franco. Previo al evento que se llevar\u00e1 a cabo en el Teatro de la Reforma, se realizar\u00e1 una rumbata [&hellip;]<\/p>\n","protected":false},"author":2476,"featured_media":68618,"comment_status":"open","ping_status":"open","sticky":false,"template":"","format":"standard","meta":{"_jetpack_memberships_contains_paid_content":false,"footnotes":""},"categories":[2],"tags":[],"class_list":["post-68617","post","type-post","status-publish","format-standard","has-post-thumbnail","hentry","category-estado"],"jetpack_featured_media_url":"https:\/\/encuentroinformativo.com.mx\/wp-content\/uploads\/2025\/06\/IMG-20250619-WA0135.jpg","jetpack_sharing_enabled":true,"jetpack_likes_enabled":true,"amp_enabled":true,"_links":{"self":[{"href":"https:\/\/encuentroinformativo.com.mx\/index.php?rest_route=\/wp\/v2\/posts\/68617","targetHints":{"allow":["GET"]}}],"collection":[{"href":"https:\/\/encuentroinformativo.com.mx\/index.php?rest_route=\/wp\/v2\/posts"}],"about":[{"href":"https:\/\/encuentroinformativo.com.mx\/index.php?rest_route=\/wp\/v2\/types\/post"}],"author":[{"embeddable":true,"href":"https:\/\/encuentroinformativo.com.mx\/index.php?rest_route=\/wp\/v2\/users\/2476"}],"replies":[{"embeddable":true,"href":"https:\/\/encuentroinformativo.com.mx\/index.php?rest_route=%2Fwp%2Fv2%2Fcomments&post=68617"}],"version-history":[{"count":1,"href":"https:\/\/encuentroinformativo.com.mx\/index.php?rest_route=\/wp\/v2\/posts\/68617\/revisions"}],"predecessor-version":[{"id":68619,"href":"https:\/\/encuentroinformativo.com.mx\/index.php?rest_route=\/wp\/v2\/posts\/68617\/revisions\/68619"}],"wp:featuredmedia":[{"embeddable":true,"href":"https:\/\/encuentroinformativo.com.mx\/index.php?rest_route=\/wp\/v2\/media\/68618"}],"wp:attachment":[{"href":"https:\/\/encuentroinformativo.com.mx\/index.php?rest_route=%2Fwp%2Fv2%2Fmedia&parent=68617"}],"wp:term":[{"taxonomy":"category","embeddable":true,"href":"https:\/\/encuentroinformativo.com.mx\/index.php?rest_route=%2Fwp%2Fv2%2Fcategories&post=68617"},{"taxonomy":"post_tag","embeddable":true,"href":"https:\/\/encuentroinformativo.com.mx\/index.php?rest_route=%2Fwp%2Fv2%2Ftags&post=68617"}],"curies":[{"name":"wp","href":"https:\/\/api.w.org\/{rel}","templated":true}]}}