{"id":68623,"date":"2025-06-19T12:24:37","date_gmt":"2025-06-19T18:24:37","guid":{"rendered":"https:\/\/encuentroinformativo.com.mx\/?p=68623"},"modified":"2025-06-19T12:24:37","modified_gmt":"2025-06-19T18:24:37","slug":"platanito-show-dara-chance-a-nueva-generacion-de-comediantes-en-veracruz","status":"publish","type":"post","link":"https:\/\/encuentroinformativo.com.mx\/?p=68623","title":{"rendered":"Platanito Show dar\u00e1 chance a nueva generaci\u00f3n de comediantes en Veracruz"},"content":{"rendered":"<p><strong>Alejandro \u00c1vila\u00a0<\/strong><\/p>\n<p>Veracruz, Ver.- Llegaron a tierras jarochas Platanito Show, Alma Sure\u00f1a y junto con el veracruzano Gato Ulacia, confirmaron el espect\u00e1culo de comedia que tendr\u00e1n en el auditorio Benito Ju\u00e1rez el pr\u00f3ximo viernes 25 de julio.<\/p>\n<p>Platanito se dijo estar emocionado y complacido de compartir el escenario con gente joven, con sangre nueva en la comedia.<\/p>\n<p>\u201cEs un gusto estar con ellos, con la m\u00fasica de comedia de Alma Sure\u00f1a y con el humor de Gato Ulacia, un joven con mucho porvenir (\u2026) Tengo 47 a\u00f1os en la comedia y eso me da mucho gusto, estar con gente nueva\u201d, coment\u00f3 Platanito Show.<\/p>\n<p>Durante la conferencia de prensa, Platanito, Alma Sure\u00f1a y Gato Ulacia prometieron un gran espect\u00e1culo de comedia: \u201cSon tres horas de comedia, de risas, de carcajadas (\u2026) Tres comediantes por el costo de uno y que nadie en Veracruz y sus alrededores se puede perder\u201d, agregaron.<\/p>\n<p>Los comediantes y m\u00fasicos aprovecharon el momento y la ocasi\u00f3n para anunciar una impactante promoci\u00f3n en las zonas: Gran VIP (1,200.00); Zona VIP (800.00); Luneta baja (700.00) y Luneta alta (500.00) \u00a1Y meses sin intereses!, desde este mi\u00e9rcoles 18 y hasta el domingo 22 de junio a trav\u00e9s de la plataforma: Super Boletos.<\/p>\n","protected":false},"excerpt":{"rendered":"<p>Alejandro \u00c1vila\u00a0 Veracruz, Ver.- Llegaron a tierras jarochas Platanito Show, Alma Sure\u00f1a y junto con el veracruzano Gato Ulacia, confirmaron el espect\u00e1culo de comedia que tendr\u00e1n en el auditorio Benito Ju\u00e1rez el pr\u00f3ximo viernes 25 de julio. Platanito se dijo estar emocionado y complacido de compartir el escenario con gente joven, con sangre nueva en [&hellip;]<\/p>\n","protected":false},"author":2476,"featured_media":68624,"comment_status":"open","ping_status":"open","sticky":false,"template":"","format":"standard","meta":{"_jetpack_memberships_contains_paid_content":false,"footnotes":""},"categories":[2],"tags":[],"class_list":["post-68623","post","type-post","status-publish","format-standard","has-post-thumbnail","hentry","category-estado"],"jetpack_featured_media_url":"https:\/\/encuentroinformativo.com.mx\/wp-content\/uploads\/2025\/06\/IMG-20250619-WA01422.jpg","jetpack_sharing_enabled":true,"jetpack_likes_enabled":true,"amp_enabled":true,"_links":{"self":[{"href":"https:\/\/encuentroinformativo.com.mx\/index.php?rest_route=\/wp\/v2\/posts\/68623","targetHints":{"allow":["GET"]}}],"collection":[{"href":"https:\/\/encuentroinformativo.com.mx\/index.php?rest_route=\/wp\/v2\/posts"}],"about":[{"href":"https:\/\/encuentroinformativo.com.mx\/index.php?rest_route=\/wp\/v2\/types\/post"}],"author":[{"embeddable":true,"href":"https:\/\/encuentroinformativo.com.mx\/index.php?rest_route=\/wp\/v2\/users\/2476"}],"replies":[{"embeddable":true,"href":"https:\/\/encuentroinformativo.com.mx\/index.php?rest_route=%2Fwp%2Fv2%2Fcomments&post=68623"}],"version-history":[{"count":1,"href":"https:\/\/encuentroinformativo.com.mx\/index.php?rest_route=\/wp\/v2\/posts\/68623\/revisions"}],"predecessor-version":[{"id":68625,"href":"https:\/\/encuentroinformativo.com.mx\/index.php?rest_route=\/wp\/v2\/posts\/68623\/revisions\/68625"}],"wp:featuredmedia":[{"embeddable":true,"href":"https:\/\/encuentroinformativo.com.mx\/index.php?rest_route=\/wp\/v2\/media\/68624"}],"wp:attachment":[{"href":"https:\/\/encuentroinformativo.com.mx\/index.php?rest_route=%2Fwp%2Fv2%2Fmedia&parent=68623"}],"wp:term":[{"taxonomy":"category","embeddable":true,"href":"https:\/\/encuentroinformativo.com.mx\/index.php?rest_route=%2Fwp%2Fv2%2Fcategories&post=68623"},{"taxonomy":"post_tag","embeddable":true,"href":"https:\/\/encuentroinformativo.com.mx\/index.php?rest_route=%2Fwp%2Fv2%2Ftags&post=68623"}],"curies":[{"name":"wp","href":"https:\/\/api.w.org\/{rel}","templated":true}]}}