{"id":6863,"date":"2020-10-13T14:04:37","date_gmt":"2020-10-13T19:04:37","guid":{"rendered":"https:\/\/encuentroinformativo.com.mx\/?p=6863"},"modified":"2020-10-13T14:04:40","modified_gmt":"2020-10-13T19:04:40","slug":"por-el-momento-continuan-operando-reglas-del-fonden","status":"publish","type":"post","link":"https:\/\/encuentroinformativo.com.mx\/?p=6863","title":{"rendered":"Por el momento, contin\u00faan operando reglas del Fonden"},"content":{"rendered":"\n<p><strong>Dar\u00edo Pale <\/strong><\/p>\n\n\n\n<p>Xalapa, Ver.- No se han cancelados las cuentas de Fonden,\u00a0por el momento siguen operando con las reglas que ten\u00eda el Fondo de Desastres Naturales, incluso\u00a0asegur\u00f3 que dicha extinci\u00f3n no impactar\u00e1 a Veracruz porque tiene mecanismo de transferencia de riesgos, as\u00ed\u00a0lo se\u00f1al\u00f3 la\u00a0secretar\u00eda de Protecci\u00f3n Civil Guadalupe Osorno Maldonado.<\/p>\n\n\n\n<p>Entrevistada en las calles del centro de Xalapa se\u00f1al\u00f3 que,\u00a0&#8220;estamos seguros que la transferencia desde la tesorer\u00eda&#8221;, apunt\u00f3 que desconocen como ser\u00e1 la forma en que se destinar\u00e1n los recursos para las emergencias.<\/p>\n\n\n\n<p>Mencion\u00f3 que junto con el Programa de Gobierno realizar\u00e1n un an\u00e1lisis de los indicadores de la dependencia y que eficiencia tienen para la poblaci\u00f3n como parte de los compromisos de la agenda 2030, adelant\u00f3 que este mi\u00e9rcoles tambi\u00e9n habr\u00e1 reuniones con la SIOP, SEDEMA y Salud para ver la atenci\u00f3n de las emergencias.<\/p>\n\n\n\n<p>El jueves con la secretar\u00eda de Trabajo y con Riesgos Sanitarios por la campa\u00f1a por la salud de todas y de todos,\u00a0dijo que uno de los retos establece la conmemoraci\u00f3n internacional es la atenci\u00f3n de la pandemia por Covid-19 bajo la reducci\u00f3n de riesgos.<\/p>\n","protected":false},"excerpt":{"rendered":"<p>Dar\u00edo Pale Xalapa, Ver.- No se han cancelados las cuentas de Fonden,\u00a0por el momento siguen operando con las reglas que ten\u00eda el Fondo de Desastres Naturales, incluso\u00a0asegur\u00f3 que dicha extinci\u00f3n no impactar\u00e1 a Veracruz porque tiene mecanismo de transferencia de riesgos, as\u00ed\u00a0lo se\u00f1al\u00f3 la\u00a0secretar\u00eda de Protecci\u00f3n Civil Guadalupe Osorno Maldonado. Entrevistada en las calles del [&hellip;]<\/p>\n","protected":false},"author":1,"featured_media":6864,"comment_status":"open","ping_status":"open","sticky":false,"template":"","format":"standard","meta":{"_jetpack_memberships_contains_paid_content":false,"footnotes":""},"categories":[2],"tags":[],"class_list":["post-6863","post","type-post","status-publish","format-standard","has-post-thumbnail","hentry","category-estado"],"jetpack_featured_media_url":"https:\/\/encuentroinformativo.com.mx\/wp-content\/uploads\/2020\/10\/CE10EF44-BC1D-489B-98CB-C985B206DE3C.jpeg","jetpack_sharing_enabled":true,"jetpack_likes_enabled":true,"amp_enabled":true,"_links":{"self":[{"href":"https:\/\/encuentroinformativo.com.mx\/index.php?rest_route=\/wp\/v2\/posts\/6863","targetHints":{"allow":["GET"]}}],"collection":[{"href":"https:\/\/encuentroinformativo.com.mx\/index.php?rest_route=\/wp\/v2\/posts"}],"about":[{"href":"https:\/\/encuentroinformativo.com.mx\/index.php?rest_route=\/wp\/v2\/types\/post"}],"author":[{"embeddable":true,"href":"https:\/\/encuentroinformativo.com.mx\/index.php?rest_route=\/wp\/v2\/users\/1"}],"replies":[{"embeddable":true,"href":"https:\/\/encuentroinformativo.com.mx\/index.php?rest_route=%2Fwp%2Fv2%2Fcomments&post=6863"}],"version-history":[{"count":1,"href":"https:\/\/encuentroinformativo.com.mx\/index.php?rest_route=\/wp\/v2\/posts\/6863\/revisions"}],"predecessor-version":[{"id":6865,"href":"https:\/\/encuentroinformativo.com.mx\/index.php?rest_route=\/wp\/v2\/posts\/6863\/revisions\/6865"}],"wp:featuredmedia":[{"embeddable":true,"href":"https:\/\/encuentroinformativo.com.mx\/index.php?rest_route=\/wp\/v2\/media\/6864"}],"wp:attachment":[{"href":"https:\/\/encuentroinformativo.com.mx\/index.php?rest_route=%2Fwp%2Fv2%2Fmedia&parent=6863"}],"wp:term":[{"taxonomy":"category","embeddable":true,"href":"https:\/\/encuentroinformativo.com.mx\/index.php?rest_route=%2Fwp%2Fv2%2Fcategories&post=6863"},{"taxonomy":"post_tag","embeddable":true,"href":"https:\/\/encuentroinformativo.com.mx\/index.php?rest_route=%2Fwp%2Fv2%2Ftags&post=6863"}],"curies":[{"name":"wp","href":"https:\/\/api.w.org\/{rel}","templated":true}]}}