{"id":68645,"date":"2025-06-20T08:18:06","date_gmt":"2025-06-20T14:18:06","guid":{"rendered":"https:\/\/encuentroinformativo.com.mx\/?p=68645"},"modified":"2025-06-20T08:18:06","modified_gmt":"2025-06-20T14:18:06","slug":"buscan-a-menor-desaparecida-en-minatitlan","status":"publish","type":"post","link":"https:\/\/encuentroinformativo.com.mx\/?p=68645","title":{"rendered":"Buscan a menor desaparecida en Minatitl\u00e1n"},"content":{"rendered":"<p>Minatitl\u00e1n, Ver. La Comisi\u00f3n Estatal de B\u00fasqueda de Personas ha emitido una ficha por la desaparici\u00f3n de la menor Luisa Ariadna Acevedo Antonio de 13 a\u00f1os de edad.<\/p>\n<p>Datos proporcionados por los familiares, refieren que desde el d\u00eda de ayer jueves 19 de junio por la noche, la menor sali\u00f3 de su domicilio y fue vista por \u00faltima vez en la colonia Jardines de Tlalculeya.<\/p>\n<p>C\u00f3mo caracter\u00edsticas f\u00edsicas, ojos caf\u00e9s oscuros,piel morena clara,cabello negro, largo y lacio y como se\u00f1a particular un lunar de lado derecho de la barbilla.<\/p>\n<p>Cualquier informaci\u00f3n que ayude a dar con su paradero, comunicarse a los n\u00fameros: 2283193187 o al 911.<\/p>\n","protected":false},"excerpt":{"rendered":"<p>Minatitl\u00e1n, Ver. La Comisi\u00f3n Estatal de B\u00fasqueda de Personas ha emitido una ficha por la desaparici\u00f3n de la menor Luisa Ariadna Acevedo Antonio de 13 a\u00f1os de edad. Datos proporcionados por los familiares, refieren que desde el d\u00eda de ayer jueves 19 de junio por la noche, la menor sali\u00f3 de su domicilio y fue [&hellip;]<\/p>\n","protected":false},"author":2476,"featured_media":68646,"comment_status":"open","ping_status":"open","sticky":false,"template":"","format":"standard","meta":{"_jetpack_memberships_contains_paid_content":false,"footnotes":""},"categories":[2],"tags":[],"class_list":["post-68645","post","type-post","status-publish","format-standard","has-post-thumbnail","hentry","category-estado"],"jetpack_featured_media_url":"https:\/\/encuentroinformativo.com.mx\/wp-content\/uploads\/2025\/06\/IMG-20250620-WA0014.jpg","jetpack_sharing_enabled":true,"jetpack_likes_enabled":true,"amp_enabled":true,"_links":{"self":[{"href":"https:\/\/encuentroinformativo.com.mx\/index.php?rest_route=\/wp\/v2\/posts\/68645","targetHints":{"allow":["GET"]}}],"collection":[{"href":"https:\/\/encuentroinformativo.com.mx\/index.php?rest_route=\/wp\/v2\/posts"}],"about":[{"href":"https:\/\/encuentroinformativo.com.mx\/index.php?rest_route=\/wp\/v2\/types\/post"}],"author":[{"embeddable":true,"href":"https:\/\/encuentroinformativo.com.mx\/index.php?rest_route=\/wp\/v2\/users\/2476"}],"replies":[{"embeddable":true,"href":"https:\/\/encuentroinformativo.com.mx\/index.php?rest_route=%2Fwp%2Fv2%2Fcomments&post=68645"}],"version-history":[{"count":1,"href":"https:\/\/encuentroinformativo.com.mx\/index.php?rest_route=\/wp\/v2\/posts\/68645\/revisions"}],"predecessor-version":[{"id":68647,"href":"https:\/\/encuentroinformativo.com.mx\/index.php?rest_route=\/wp\/v2\/posts\/68645\/revisions\/68647"}],"wp:featuredmedia":[{"embeddable":true,"href":"https:\/\/encuentroinformativo.com.mx\/index.php?rest_route=\/wp\/v2\/media\/68646"}],"wp:attachment":[{"href":"https:\/\/encuentroinformativo.com.mx\/index.php?rest_route=%2Fwp%2Fv2%2Fmedia&parent=68645"}],"wp:term":[{"taxonomy":"category","embeddable":true,"href":"https:\/\/encuentroinformativo.com.mx\/index.php?rest_route=%2Fwp%2Fv2%2Fcategories&post=68645"},{"taxonomy":"post_tag","embeddable":true,"href":"https:\/\/encuentroinformativo.com.mx\/index.php?rest_route=%2Fwp%2Fv2%2Ftags&post=68645"}],"curies":[{"name":"wp","href":"https:\/\/api.w.org\/{rel}","templated":true}]}}