{"id":68650,"date":"2025-06-20T08:29:28","date_gmt":"2025-06-20T14:29:28","guid":{"rendered":"https:\/\/encuentroinformativo.com.mx\/?p=68650"},"modified":"2025-06-20T08:29:28","modified_gmt":"2025-06-20T14:29:28","slug":"cumple-gobierno-con-crit-poza-rica-y-le-renueva-convenio","status":"publish","type":"post","link":"https:\/\/encuentroinformativo.com.mx\/?p=68650","title":{"rendered":"Cumple Gobierno con CRIT Poza Rica y le renueva convenio\u00a0"},"content":{"rendered":"<p><strong>Alejandro \u00c1vila<\/strong><\/p>\n<p>Poza Rica, Ver.- La gobernadora de Veracruz, Roc\u00edo Nahle Garc\u00eda, cumpli\u00f3 su promesa y le renovar\u00e1 al CRIT de Poza Rica el convenio donde se le destinar\u00e1n 20 millones de pesos de forma anual, dijo el director del Centro de Rehabilitaci\u00f3n e Inclusi\u00f3n Infantil Telet\u00f3n (CRIT) Veracruz, \u00c1ngel Ren\u00e9 Zavaleta Mora.<\/p>\n<p>Este recurso ser\u00e1 crucial para mantener la infraestructura y el personal que brindan atenci\u00f3n vital a cientos de ni\u00f1os y j\u00f3venes con discapacidad en la regi\u00f3n.<\/p>\n<p>Zavaleta Mora detall\u00f3 que la renovaci\u00f3n de este acuerdo es el resultado de reuniones recientes con la gobernadora Roc\u00edo Nahle Garc\u00eda, a quien se le enfatiz\u00f3 la importancia de este convenio, ya que la colaboraci\u00f3n con el Gobierno Estatal hab\u00eda estado suspendida durante los \u00faltimos tres a\u00f1os, lo que gener\u00f3 incertidumbre sobre el futuro financiero del CRIT Veracruz.<\/p>\n<p>La inyecci\u00f3n de estos 20 millones de pesos anuales no solo afianzar\u00e1 la estabilidad econ\u00f3mica del CRIT, sino que tambi\u00e9n permitir\u00e1 una expansi\u00f3n crucial de sus servicios.<\/p>\n<p>\u00c1ngel Ren\u00e9 Zavaleta Mora explic\u00f3 que parte de estos recursos se destinar\u00e1n a la apertura de un segundo turno de atenci\u00f3n, una medida de vital importancia, ya que actualmente m\u00e1s de 400 menores se encuentran en lista de espera, aguardando una oportunidad para acceder a los programas de rehabilitaci\u00f3n que ofrece el centro.<\/p>\n<p>Detall\u00f3 que la implementaci\u00f3n de este segundo turno brindar\u00e1 la posibilidad a un mayor n\u00famero de familias de acceder a terapias especializadas y atenci\u00f3n integral, reduciendo los tiempos de espera y ampliando el impacto del CRIT en la comunidad veracruzana.<\/p>\n","protected":false},"excerpt":{"rendered":"<p>Alejandro \u00c1vila Poza Rica, Ver.- La gobernadora de Veracruz, Roc\u00edo Nahle Garc\u00eda, cumpli\u00f3 su promesa y le renovar\u00e1 al CRIT de Poza Rica el convenio donde se le destinar\u00e1n 20 millones de pesos de forma anual, dijo el director del Centro de Rehabilitaci\u00f3n e Inclusi\u00f3n Infantil Telet\u00f3n (CRIT) Veracruz, \u00c1ngel Ren\u00e9 Zavaleta Mora. Este recurso [&hellip;]<\/p>\n","protected":false},"author":2476,"featured_media":68651,"comment_status":"open","ping_status":"open","sticky":false,"template":"","format":"standard","meta":{"_jetpack_memberships_contains_paid_content":false,"footnotes":""},"categories":[2],"tags":[],"class_list":["post-68650","post","type-post","status-publish","format-standard","has-post-thumbnail","hentry","category-estado"],"jetpack_featured_media_url":"https:\/\/encuentroinformativo.com.mx\/wp-content\/uploads\/2025\/06\/IMG-20250620-WA0019-scaled.jpg","jetpack_sharing_enabled":true,"jetpack_likes_enabled":true,"amp_enabled":true,"_links":{"self":[{"href":"https:\/\/encuentroinformativo.com.mx\/index.php?rest_route=\/wp\/v2\/posts\/68650","targetHints":{"allow":["GET"]}}],"collection":[{"href":"https:\/\/encuentroinformativo.com.mx\/index.php?rest_route=\/wp\/v2\/posts"}],"about":[{"href":"https:\/\/encuentroinformativo.com.mx\/index.php?rest_route=\/wp\/v2\/types\/post"}],"author":[{"embeddable":true,"href":"https:\/\/encuentroinformativo.com.mx\/index.php?rest_route=\/wp\/v2\/users\/2476"}],"replies":[{"embeddable":true,"href":"https:\/\/encuentroinformativo.com.mx\/index.php?rest_route=%2Fwp%2Fv2%2Fcomments&post=68650"}],"version-history":[{"count":1,"href":"https:\/\/encuentroinformativo.com.mx\/index.php?rest_route=\/wp\/v2\/posts\/68650\/revisions"}],"predecessor-version":[{"id":68652,"href":"https:\/\/encuentroinformativo.com.mx\/index.php?rest_route=\/wp\/v2\/posts\/68650\/revisions\/68652"}],"wp:featuredmedia":[{"embeddable":true,"href":"https:\/\/encuentroinformativo.com.mx\/index.php?rest_route=\/wp\/v2\/media\/68651"}],"wp:attachment":[{"href":"https:\/\/encuentroinformativo.com.mx\/index.php?rest_route=%2Fwp%2Fv2%2Fmedia&parent=68650"}],"wp:term":[{"taxonomy":"category","embeddable":true,"href":"https:\/\/encuentroinformativo.com.mx\/index.php?rest_route=%2Fwp%2Fv2%2Fcategories&post=68650"},{"taxonomy":"post_tag","embeddable":true,"href":"https:\/\/encuentroinformativo.com.mx\/index.php?rest_route=%2Fwp%2Fv2%2Ftags&post=68650"}],"curies":[{"name":"wp","href":"https:\/\/api.w.org\/{rel}","templated":true}]}}