{"id":6866,"date":"2020-10-13T11:50:05","date_gmt":"2020-10-13T16:50:05","guid":{"rendered":"https:\/\/encuentroinformativo.com.mx\/?p=6866"},"modified":"2020-10-13T14:54:02","modified_gmt":"2020-10-13T19:54:02","slug":"acusan-al-ayuntamiento-xalapeno-de-discriminacion","status":"publish","type":"post","link":"https:\/\/encuentroinformativo.com.mx\/?p=6866","title":{"rendered":"Acusan al Ayuntamiento xalape\u00f1o de discriminaci\u00f3n"},"content":{"rendered":"\n<p><strong>Dar\u00edo Pale <\/strong><\/p>\n\n\n\n<p>Xalapa, Ver.- Benjam\u00edn Callejas Hern\u00e1ndez, presidente de la Coalici\u00f3n\u00a0Estatal del LGBTTTI de Xalapa dio a conocer que el ayuntamiento de Xalapa incurir\u00eda en discriminaci\u00f3n por homofobia al postergar la atenci\u00f3n a personas transexuales.<\/p>\n\n\n\n<p>Entrevistado durante la manifestaci\u00f3n afuera de palacio municipal se\u00f1alaron que, &#8220;nos han tratado bien, pero es la duda de que ante otras quejas ciudadanas atienden de manera inmediata y porqu\u00e9 cuando viene alg\u00fan familiar o alguien de nuestra comunidad los procesos son m\u00e1s tardados&#8230; no hay una equidad&#8221;.<\/p>\n\n\n\n<p>Dio a conocer que una de las integrantes de la comunidad LGBTTI\u00a0 acudi\u00f3 al \u00e1rea de Desarrollo Urbano del Ayuntamiento que preside Hip\u00f3lito Rodr\u00edguez Herrero a denunciar una supuesta construcci\u00f3n irregular en la colonia Arboledas del Sumidero; sin embargo no fueron atendidos oportunamente.<\/p>\n\n\n\n<p>&#8220;Hemos agotado los m\u00e9todos de di\u00e1logo donde se han presentado los escritos, los oficios pertinentes. Ya nos dirigimos a Desarrollo Urbano, al Jur\u00eddico del Ayuntamiento y desafortunadamente no hemos recibido una respuesta favorable&#8221;, se\u00f1al\u00f3.<\/p>\n\n\n\n<p>Aunque refieren que Desarrollo Urbano cancel\u00f3 la obra de construcci\u00f3n, esta contin\u00faa, por lo que presumen supuesta negligencia.<\/p>\n\n\n\n<p>&#8220;Vemos que no les interesa lo que se est\u00e1 exponiendo. Las manifestaciones son el \u00faltimo recurso que la ciudadan\u00eda ocupa precisamente para ejercer presi\u00f3n&#8221; acus\u00f3.<\/p>\n\n\n\n<p>Reproch\u00f3 a las autoridades municipales que no son ciudadanos de segunda ya que a la comunidad de la diversidad sexual &#8220;siempre nos traen en rezago&#8221;.<\/p>\n\n\n\n<p>Finalmente cabe se\u00f1alar que este d\u00eda acudieron al \u00e1rea jur\u00eddica del Ayuntamiento para pedir que se cancele dicha construcci\u00f3n.<\/p>\n","protected":false},"excerpt":{"rendered":"<p>Dar\u00edo Pale Xalapa, Ver.- Benjam\u00edn Callejas Hern\u00e1ndez, presidente de la Coalici\u00f3n\u00a0Estatal del LGBTTTI de Xalapa dio a conocer que el ayuntamiento de Xalapa incurir\u00eda en discriminaci\u00f3n por homofobia al postergar la atenci\u00f3n a personas transexuales. Entrevistado durante la manifestaci\u00f3n afuera de palacio municipal se\u00f1alaron que, &#8220;nos han tratado bien, pero es la duda de que [&hellip;]<\/p>\n","protected":false},"author":1,"featured_media":79,"comment_status":"open","ping_status":"open","sticky":false,"template":"","format":"standard","meta":{"_jetpack_memberships_contains_paid_content":false,"footnotes":""},"categories":[3],"tags":[],"class_list":["post-6866","post","type-post","status-publish","format-standard","has-post-thumbnail","hentry","category-xalapa"],"jetpack_featured_media_url":"https:\/\/encuentroinformativo.com.mx\/wp-content\/uploads\/2020\/02\/ayuntamiento.jpg","jetpack_sharing_enabled":true,"jetpack_likes_enabled":true,"amp_enabled":true,"_links":{"self":[{"href":"https:\/\/encuentroinformativo.com.mx\/index.php?rest_route=\/wp\/v2\/posts\/6866","targetHints":{"allow":["GET"]}}],"collection":[{"href":"https:\/\/encuentroinformativo.com.mx\/index.php?rest_route=\/wp\/v2\/posts"}],"about":[{"href":"https:\/\/encuentroinformativo.com.mx\/index.php?rest_route=\/wp\/v2\/types\/post"}],"author":[{"embeddable":true,"href":"https:\/\/encuentroinformativo.com.mx\/index.php?rest_route=\/wp\/v2\/users\/1"}],"replies":[{"embeddable":true,"href":"https:\/\/encuentroinformativo.com.mx\/index.php?rest_route=%2Fwp%2Fv2%2Fcomments&post=6866"}],"version-history":[{"count":1,"href":"https:\/\/encuentroinformativo.com.mx\/index.php?rest_route=\/wp\/v2\/posts\/6866\/revisions"}],"predecessor-version":[{"id":6867,"href":"https:\/\/encuentroinformativo.com.mx\/index.php?rest_route=\/wp\/v2\/posts\/6866\/revisions\/6867"}],"wp:featuredmedia":[{"embeddable":true,"href":"https:\/\/encuentroinformativo.com.mx\/index.php?rest_route=\/wp\/v2\/media\/79"}],"wp:attachment":[{"href":"https:\/\/encuentroinformativo.com.mx\/index.php?rest_route=%2Fwp%2Fv2%2Fmedia&parent=6866"}],"wp:term":[{"taxonomy":"category","embeddable":true,"href":"https:\/\/encuentroinformativo.com.mx\/index.php?rest_route=%2Fwp%2Fv2%2Fcategories&post=6866"},{"taxonomy":"post_tag","embeddable":true,"href":"https:\/\/encuentroinformativo.com.mx\/index.php?rest_route=%2Fwp%2Fv2%2Ftags&post=6866"}],"curies":[{"name":"wp","href":"https:\/\/api.w.org\/{rel}","templated":true}]}}