{"id":68671,"date":"2025-06-20T14:19:00","date_gmt":"2025-06-20T20:19:00","guid":{"rendered":"https:\/\/encuentroinformativo.com.mx\/?p=68671"},"modified":"2025-06-20T14:19:00","modified_gmt":"2025-06-20T20:19:00","slug":"circulan-nombres-de-candidatos-a-la-fiscalia-general-del-estado","status":"publish","type":"post","link":"https:\/\/encuentroinformativo.com.mx\/?p=68671","title":{"rendered":"Circulan nombres de candidatos a la Fiscal\u00eda General del Estado"},"content":{"rendered":"<p><strong>Dar\u00edo Pale<\/strong><\/p>\n<p>Xalapa, Ver.- La terna para el cambio de titularidad de la Fiscal\u00eda General del Estado(FGE), a cargo de Ver\u00f3nica Hern\u00e1ndez Giad\u00e1ns, podr\u00eda darse a conocer a principios del mes de julio por el Congreso del Estado.<\/p>\n<p>Trascendi\u00f3 el dia de hoy que la lista est\u00e1 integrada por el abogado penalista Tom\u00e1s Mundo Arriasa; el diputado local y persona cercana a la gobernadora, Diego Casta\u00f1eda Aburto; la magistrada de la Sala Penal, Ailett Garc\u00eda Cayetano y la actual presidenta del Poder Judicial, Lizbeth Jim\u00e9nez Aguirre, quien se\u00f1alan ha asegurado que le prometieron el cargo de la Fiscal\u00eda tras perder la elecci\u00f3n.<\/p>\n<p>Se espera que en las primeras dos semanas del mes de julio se lleve a cabo la designaci\u00f3n de quien dirija ahora la Fiscal\u00eda de Veracruz.<\/p>\n<p>Es de mencionar que la presidenta de la Mesa Directiva del Congreso de Veracruz, Tanya Carola Viveros Ch\u00e1zaro, confirm\u00f3 que en breve se retomar\u00e1 el an\u00e1lisis de la propuesta que se present\u00f3 en el mes de noviembre del 2024, por la que se modifica el periodo de nombramiento de la titularidad e la FGE.<\/p>\n<p>Fue el propio diputado local, Diego Casta\u00f1eda Aburto, quien present\u00f3 una iniciativa que busca modificar la Constituci\u00f3n de Veracruz, con la idea de cambiar el proceso de designaci\u00f3n, remoci\u00f3n y periodo del o la Fiscal General del Estado.<\/p>\n<p>&nbsp;<\/p>\n","protected":false},"excerpt":{"rendered":"<p>Dar\u00edo Pale Xalapa, Ver.- La terna para el cambio de titularidad de la Fiscal\u00eda General del Estado(FGE), a cargo de Ver\u00f3nica Hern\u00e1ndez Giad\u00e1ns, podr\u00eda darse a conocer a principios del mes de julio por el Congreso del Estado. Trascendi\u00f3 el dia de hoy que la lista est\u00e1 integrada por el abogado penalista Tom\u00e1s Mundo Arriasa; [&hellip;]<\/p>\n","protected":false},"author":2476,"featured_media":45561,"comment_status":"open","ping_status":"open","sticky":false,"template":"","format":"standard","meta":{"_jetpack_memberships_contains_paid_content":false,"footnotes":""},"categories":[2],"tags":[],"class_list":["post-68671","post","type-post","status-publish","format-standard","has-post-thumbnail","hentry","category-estado"],"jetpack_featured_media_url":"https:\/\/encuentroinformativo.com.mx\/wp-content\/uploads\/2023\/09\/IMG-20230922-WA0024.jpg","jetpack_sharing_enabled":true,"jetpack_likes_enabled":true,"amp_enabled":true,"_links":{"self":[{"href":"https:\/\/encuentroinformativo.com.mx\/index.php?rest_route=\/wp\/v2\/posts\/68671","targetHints":{"allow":["GET"]}}],"collection":[{"href":"https:\/\/encuentroinformativo.com.mx\/index.php?rest_route=\/wp\/v2\/posts"}],"about":[{"href":"https:\/\/encuentroinformativo.com.mx\/index.php?rest_route=\/wp\/v2\/types\/post"}],"author":[{"embeddable":true,"href":"https:\/\/encuentroinformativo.com.mx\/index.php?rest_route=\/wp\/v2\/users\/2476"}],"replies":[{"embeddable":true,"href":"https:\/\/encuentroinformativo.com.mx\/index.php?rest_route=%2Fwp%2Fv2%2Fcomments&post=68671"}],"version-history":[{"count":1,"href":"https:\/\/encuentroinformativo.com.mx\/index.php?rest_route=\/wp\/v2\/posts\/68671\/revisions"}],"predecessor-version":[{"id":68672,"href":"https:\/\/encuentroinformativo.com.mx\/index.php?rest_route=\/wp\/v2\/posts\/68671\/revisions\/68672"}],"wp:featuredmedia":[{"embeddable":true,"href":"https:\/\/encuentroinformativo.com.mx\/index.php?rest_route=\/wp\/v2\/media\/45561"}],"wp:attachment":[{"href":"https:\/\/encuentroinformativo.com.mx\/index.php?rest_route=%2Fwp%2Fv2%2Fmedia&parent=68671"}],"wp:term":[{"taxonomy":"category","embeddable":true,"href":"https:\/\/encuentroinformativo.com.mx\/index.php?rest_route=%2Fwp%2Fv2%2Fcategories&post=68671"},{"taxonomy":"post_tag","embeddable":true,"href":"https:\/\/encuentroinformativo.com.mx\/index.php?rest_route=%2Fwp%2Fv2%2Ftags&post=68671"}],"curies":[{"name":"wp","href":"https:\/\/api.w.org\/{rel}","templated":true}]}}