{"id":68685,"date":"2025-06-21T18:55:45","date_gmt":"2025-06-22T00:55:45","guid":{"rendered":"https:\/\/encuentroinformativo.com.mx\/?p=68685"},"modified":"2025-06-21T18:55:45","modified_gmt":"2025-06-22T00:55:45","slug":"cantidad-de-lluvia-contribuye-a-deslaves-y-derrumbes-pc","status":"publish","type":"post","link":"https:\/\/encuentroinformativo.com.mx\/?p=68685","title":{"rendered":"Cantidad de lluvia contribuye a deslaves y derrumbes: PC"},"content":{"rendered":"<p><strong>Dar\u00edo Pale<\/strong><\/p>\n<p>Xalapa, Ver.- El director de Protecci\u00f3n Civil de Xalapa, Enrique Fonseca Mart\u00ednez dio a conocer que ha llovido en los \u00faltimos d\u00edas una cantidad de agua importante, que estamos hablando de 280 mm de agua en solamente una semana.<\/p>\n<p>Est\u00e1n realizando recorridos y posteriores para valorar condiciones de riesgo, principalmente porque hay mucha saturaci\u00f3n de agua en el suelo, \u201cles voy a dar una referencia, tenemos hasta el d\u00eda de de ayer, un registro que tenemos hasta el d\u00eda de ayer, nos ha llovido en los \u00faltimos d\u00edas una cantidad de agua importante, que estamos hablando de 280 mm de agua en solamente una semana\u201d.<\/p>\n<p>\u201cEsto quiere decir que los mantos fri\u00e1ticos normalmente se van filtrando, pero ahorita la capa que tenemos superficial ya est\u00e1 saturada de agua, por eso ya se est\u00e1n dando con mayor recurrencia todos los efectos de deslaves, derrumbes, que son los deslizamientos propios por esa saturaci\u00f3n\u201d, coment\u00f3.<\/p>\n<p>Dijo que el d\u00eda de ayer tuvieron alrededor de 15 reportes en condiciones de riesgos por deslaves, algunas inundaciones, pero la condici\u00f3n que ya les est\u00e1 empezando a generar mayor problema son todos los deslizamientos de suelo.<\/p>\n<p>\u201cEstamos haciendo un monitoreo y recorriendo todas las \u00e1reas donde tenemos reportes para determinar las condiciones y sobre todo hacer las recomendaciones a donde se est\u00e1n presentando para que la propia poblaci\u00f3n nos ayude a mitigar de cierta forma todos los riesgos a los que est\u00e1n expuestos\u201d, se\u00f1al\u00f3.<\/p>\n<p>\u201cEn el caso particular que estamos aqu\u00ed en las oficinas del COBAEV, acabamos de hacer un recorrido, s\u00ed tenemos una condici\u00f3n del terrapl\u00e9n, realmente lo que tenemos en la parte posterior al muro, si hay un asentamiento que tenemos y se est\u00e1 recargando hacia el muro de contenci\u00f3n, pero la situaci\u00f3n que tenemos que la gran ventaja que tuvimos que en las laterales, por ah\u00ed fue el escurrimiento que se fue dando, fue abundante, pero eso ayud\u00f3 a aliviar este efecto para que no hubiera una condici\u00f3n de mayor riesgo\u201d, agreg\u00f3.<\/p>\n<p>En lo que corresponde al muro de contenci\u00f3n que se encuentra por la SEFIPLAN a\u00fan est\u00e1 restringido el paso peatonal para poder evitar cualquier incidente, y as\u00ed continuar\u00e1 hasta que sea seguro y solo habr\u00e1 circulaci\u00f3n en un solo carril.<\/p>\n<p>\u201cAqu\u00ed hay escuelas aqu\u00ed es un paso obligado, entonces, tenemos que hacerlo de manera segura, seguramente vamos a pedir un tapial, qu\u00e9 es un tapial, una contenci\u00f3n que no se vea y que haya de alguna manera como un t\u00fanel para que la propia personas pasen de manera segura, porque aqu\u00ed tenemos colindancia con carriles, de velocidades, entonces para evitar accidentes y eso es lo que tambi\u00e9n es parte de lo que queremos recomendar\u201d, inform\u00f3.<\/p>\n<p>Finalmente dio a conocer que, \u201cnos vamos a reunir con el estado para ver lo que vimos y ellos determinan para que de manera conjunta vamos a hacer esa petici\u00f3n, podamos emitir recomendaciones que sea para bien de todos, tanto de los usuarios como de las personas que diariamente transitan\u201d.<\/p>\n","protected":false},"excerpt":{"rendered":"<p>Dar\u00edo Pale Xalapa, Ver.- El director de Protecci\u00f3n Civil de Xalapa, Enrique Fonseca Mart\u00ednez dio a conocer que ha llovido en los \u00faltimos d\u00edas una cantidad de agua importante, que estamos hablando de 280 mm de agua en solamente una semana. Est\u00e1n realizando recorridos y posteriores para valorar condiciones de riesgo, principalmente porque hay mucha [&hellip;]<\/p>\n","protected":false},"author":2476,"featured_media":68686,"comment_status":"open","ping_status":"open","sticky":false,"template":"","format":"standard","meta":{"_jetpack_memberships_contains_paid_content":false,"footnotes":""},"categories":[3],"tags":[],"class_list":["post-68685","post","type-post","status-publish","format-standard","has-post-thumbnail","hentry","category-xalapa"],"jetpack_featured_media_url":"https:\/\/encuentroinformativo.com.mx\/wp-content\/uploads\/2025\/06\/IMG-20250621-WA0262.jpg","jetpack_sharing_enabled":true,"jetpack_likes_enabled":true,"amp_enabled":true,"_links":{"self":[{"href":"https:\/\/encuentroinformativo.com.mx\/index.php?rest_route=\/wp\/v2\/posts\/68685","targetHints":{"allow":["GET"]}}],"collection":[{"href":"https:\/\/encuentroinformativo.com.mx\/index.php?rest_route=\/wp\/v2\/posts"}],"about":[{"href":"https:\/\/encuentroinformativo.com.mx\/index.php?rest_route=\/wp\/v2\/types\/post"}],"author":[{"embeddable":true,"href":"https:\/\/encuentroinformativo.com.mx\/index.php?rest_route=\/wp\/v2\/users\/2476"}],"replies":[{"embeddable":true,"href":"https:\/\/encuentroinformativo.com.mx\/index.php?rest_route=%2Fwp%2Fv2%2Fcomments&post=68685"}],"version-history":[{"count":1,"href":"https:\/\/encuentroinformativo.com.mx\/index.php?rest_route=\/wp\/v2\/posts\/68685\/revisions"}],"predecessor-version":[{"id":68687,"href":"https:\/\/encuentroinformativo.com.mx\/index.php?rest_route=\/wp\/v2\/posts\/68685\/revisions\/68687"}],"wp:featuredmedia":[{"embeddable":true,"href":"https:\/\/encuentroinformativo.com.mx\/index.php?rest_route=\/wp\/v2\/media\/68686"}],"wp:attachment":[{"href":"https:\/\/encuentroinformativo.com.mx\/index.php?rest_route=%2Fwp%2Fv2%2Fmedia&parent=68685"}],"wp:term":[{"taxonomy":"category","embeddable":true,"href":"https:\/\/encuentroinformativo.com.mx\/index.php?rest_route=%2Fwp%2Fv2%2Fcategories&post=68685"},{"taxonomy":"post_tag","embeddable":true,"href":"https:\/\/encuentroinformativo.com.mx\/index.php?rest_route=%2Fwp%2Fv2%2Ftags&post=68685"}],"curies":[{"name":"wp","href":"https:\/\/api.w.org\/{rel}","templated":true}]}}