{"id":68710,"date":"2025-06-23T11:35:14","date_gmt":"2025-06-23T17:35:14","guid":{"rendered":"https:\/\/encuentroinformativo.com.mx\/?p=68710"},"modified":"2025-06-23T11:35:14","modified_gmt":"2025-06-23T17:35:14","slug":"hay-denuncias-contra-ex-director-de-prepa-juarez-gobernadora","status":"publish","type":"post","link":"https:\/\/encuentroinformativo.com.mx\/?p=68710","title":{"rendered":"Hay denuncias contra ex director de prepa Ju\u00e1rez: Gobernadora"},"content":{"rendered":"<p><strong>Dar\u00edo Pale<\/strong><\/p>\n<p>Xalapa, Ver.- La gobernadora Norma Roc\u00edo Nahle Garc\u00eda atendi\u00f3 a los estudiantes del Colegio Preparatorio de Xalapa (CPX) a su arribo a palacio de gobierno, donde se comprometi\u00f3 a atender su solicitud y que el maestro continuar\u00e1 trabajando con sus plazas que ten\u00eda mientras se hacen las investigaciones por parte de la FGE.<\/p>\n<p>Durante la reuni\u00f3n con estudiantes les aclaro que al maestro Luis Manuel Gonz\u00e1lez se le separ\u00f3 del cargo por dos denuncias, que el profesor solicit\u00f3 que mientras se le separe quer\u00eda regresar a una o dos plazas que ten\u00eda, fue lo que \u00e9l mismo solicit\u00f3.<\/p>\n<p>Coment\u00f3 que la Fiscal\u00eda General del Estado (FGE), cuando tiene una denuncia la tiene que atender, por lo que en lo que se hace la investigaci\u00f3n y atienden las denuncias de las personas afectadas tiene que ocurrir lo que paso se separa del cargo en lo que se realizan las investigaciones.<\/p>\n<p>El maestro continuar\u00e1 en las plazas que ten\u00eda, mediante un documento se lo informaron desde hace dos d\u00edas aproximadamente, pero tiene que cuidar de todos y si hay una denuncia para una persona quien sea se tiene que atender y en este caso hay dos denuncias.<\/p>\n<p>\u201cNo se si sean reales o no pero eso le corresponde a la Fiscal\u00eda pero yo si tengo que atender, entonces el maestro va a regresar a sus dos plazas y yo le ped\u00ed a la secretaria Tello porque ella tiene que cuidar a m\u00e1s de 20 mil escuelas que tenemos en Veracruz, entonces tener que revisar a todas las dependencias, pero a mi lo que m\u00e1s me interesa es que ustedes vayan a clases\u201d, se\u00f1al\u00f3.<\/p>\n<p>\u201cCon ese directo o con otro el que sea ustedes deben de tener clases es lo que m\u00e1s me interesa\u201d, agreg\u00f3.<\/p>\n<p>Los estudiantes le solicitaron que quieren que se lleve a cabo el proceso correcto ese es el motivo de su presencia en palacio de gobierno y que si los puede ayudar a que se siga el correcto proceso.<\/p>\n<p>A lo que la gobernadora respondi\u00f3 que, \u201cel proceso es que la fiscal\u00eda cuando se hace una denuncia de lo que sea la FGE tiene que atraer el caso y hacer las investigaciones en este caso a nosotros dentro de la SEV se dijo a ver, se separa \u00e9l del cargo porque tiene una denuncia de adentro de la escuela no la tiene por un vecino en su casa o de un tema particular es de adentro de la escuela\u201d.<\/p>\n<p>Dijo que tiene que atender una denuncia no es el voto popular por lo que una persona va y hace una denuncia penal por un tema y en este caso son dos temas, y no las menciona por que no va a victimizar a nadie.<\/p>\n<p>Una de las alumnas coment\u00f3 que, \u201cdisculpe, creo que vivimos en un pa\u00eds donde todos tenemos libre expresi\u00f3n y independientemente de que estemos a favor o en contra de su gobierno, tenemos la libertad de expresarnos, nosotros al ser menores de edad tambi\u00e9n tenemos esa libertad y en este caso se han estado violando nuestros derechos ya que nuestra voz no est\u00e1 siendo tomada en cuenta\u201d.<\/p>\n<p>\u201cY yo tengo una duda, \u00bfpor qu\u00e9 una voz de una menor de edad s\u00ed se est\u00e1 tomando en cuenta y m\u00e1s de 500 voces est\u00e1n siendo ignoradas?, o sea, yo para que mi voz sea escuchada tengo que tener, no s\u00e9, tengo que ser su sobrina, tengo que ser familiar de alg\u00fan representante de gobierno, para que mi voz pueda ser escuchada, o sea, yo como menor que no tengo lazos con el gobierno, mi voz no cuenta, unas 500 voces que no tienen lazos con el gobierno, no cuentan?\u201d, acus\u00f3.<\/p>\n<p>A lo que la gobernadora respondi\u00f3, \u201cs\u00ed, s\u00ed cuentan y cuentan mucho, a ver, cuentan mucho. Pero si hay 500 voces, si hay mil voces, y hay una vocecita, una, que se dice vulnerada, atacada o acosada, en su caso, tengo que proteger esa vocecita, y por supuesto que sus voces cuentan, yo no soy quien para decir si est\u00e1 a favor o si fue verdad o no fue verdad, eso lo tiene que seguir la fiscal\u00eda\u201d.<\/p>\n<p>Continuo la joven cuestionando que \u201cIgual consideramos que se est\u00e1 tomando mucha rigidez en este caso, porque igual muchas denuncias han sufrido otros maestros o incluso directores y no se las ha tomado de esta forma\u201d.<\/p>\n<p>A lo que respondi\u00f3, \u201cmiren, perm\u00edtanme porque tengo que entrar a la reuni\u00f3n de seguridad, s\u00ed, esta no es la \u00fanica escuela donde hemos separado a maestros por alguna denuncia, no porque sean culpables, a m\u00ed no me corresponde, por alguna denuncia en muchas partes, hay maestros, que en escuelas en los municipios y los derechos humanos est\u00e1n dentro de las escuelas\u201d.<\/p>\n<p>Finalmente descart\u00f3 que sea porque no apoya a Morena, \u201cno es cierto, eso no es cierto. Yo no s\u00e9, perm\u00edteme, yo no s\u00e9 si este maestro, yo no lo conozco, yo no s\u00e9 si este maestro est\u00e1 en alg\u00fan partido u otro, yo no s\u00e9, yo soy gobernadora de todo, de todo, de cualquier ideolog\u00eda, eso no es cierto, y no lo politicen porque entonces terminamos&#8221;.<\/p>\n","protected":false},"excerpt":{"rendered":"<p>Dar\u00edo Pale Xalapa, Ver.- La gobernadora Norma Roc\u00edo Nahle Garc\u00eda atendi\u00f3 a los estudiantes del Colegio Preparatorio de Xalapa (CPX) a su arribo a palacio de gobierno, donde se comprometi\u00f3 a atender su solicitud y que el maestro continuar\u00e1 trabajando con sus plazas que ten\u00eda mientras se hacen las investigaciones por parte de la FGE. [&hellip;]<\/p>\n","protected":false},"author":2476,"featured_media":68711,"comment_status":"open","ping_status":"open","sticky":false,"template":"","format":"standard","meta":{"_jetpack_memberships_contains_paid_content":false,"footnotes":""},"categories":[3],"tags":[],"class_list":["post-68710","post","type-post","status-publish","format-standard","has-post-thumbnail","hentry","category-xalapa"],"jetpack_featured_media_url":"https:\/\/encuentroinformativo.com.mx\/wp-content\/uploads\/2025\/06\/IMG-20250623-WA0093.jpg","jetpack_sharing_enabled":true,"jetpack_likes_enabled":true,"amp_enabled":true,"_links":{"self":[{"href":"https:\/\/encuentroinformativo.com.mx\/index.php?rest_route=\/wp\/v2\/posts\/68710","targetHints":{"allow":["GET"]}}],"collection":[{"href":"https:\/\/encuentroinformativo.com.mx\/index.php?rest_route=\/wp\/v2\/posts"}],"about":[{"href":"https:\/\/encuentroinformativo.com.mx\/index.php?rest_route=\/wp\/v2\/types\/post"}],"author":[{"embeddable":true,"href":"https:\/\/encuentroinformativo.com.mx\/index.php?rest_route=\/wp\/v2\/users\/2476"}],"replies":[{"embeddable":true,"href":"https:\/\/encuentroinformativo.com.mx\/index.php?rest_route=%2Fwp%2Fv2%2Fcomments&post=68710"}],"version-history":[{"count":1,"href":"https:\/\/encuentroinformativo.com.mx\/index.php?rest_route=\/wp\/v2\/posts\/68710\/revisions"}],"predecessor-version":[{"id":68712,"href":"https:\/\/encuentroinformativo.com.mx\/index.php?rest_route=\/wp\/v2\/posts\/68710\/revisions\/68712"}],"wp:featuredmedia":[{"embeddable":true,"href":"https:\/\/encuentroinformativo.com.mx\/index.php?rest_route=\/wp\/v2\/media\/68711"}],"wp:attachment":[{"href":"https:\/\/encuentroinformativo.com.mx\/index.php?rest_route=%2Fwp%2Fv2%2Fmedia&parent=68710"}],"wp:term":[{"taxonomy":"category","embeddable":true,"href":"https:\/\/encuentroinformativo.com.mx\/index.php?rest_route=%2Fwp%2Fv2%2Fcategories&post=68710"},{"taxonomy":"post_tag","embeddable":true,"href":"https:\/\/encuentroinformativo.com.mx\/index.php?rest_route=%2Fwp%2Fv2%2Ftags&post=68710"}],"curies":[{"name":"wp","href":"https:\/\/api.w.org\/{rel}","templated":true}]}}