{"id":68713,"date":"2025-06-23T12:18:46","date_gmt":"2025-06-23T18:18:46","guid":{"rendered":"https:\/\/encuentroinformativo.com.mx\/?p=68713"},"modified":"2025-06-23T12:18:46","modified_gmt":"2025-06-23T18:18:46","slug":"habra-lluvias-durante-festejo-del-carnaval-de-veracruz","status":"publish","type":"post","link":"https:\/\/encuentroinformativo.com.mx\/?p=68713","title":{"rendered":"Habr\u00e1 lluvias durante festejo del Carnaval de Veracruz"},"content":{"rendered":"<p><strong>Alejandro \u00c1vila<\/strong><\/p>\n<p>Veracruz, Ver.- Aunque en menor escala y a\u00fan se tiene que esperar un segundo reporte sobre el pron\u00f3stico del tiempo, los meteor\u00f3logos se\u00f1alan que habr\u00e1 precipitaciones pluviales durante los festejos del Carnaval de Veracruz.<\/p>\n<p>&#8220;Mientras que no tengamos lluvias durante los eventos tendremos condiciones \u00f3ptimas para hacerlos, si tenemos un tiempo nublado ser\u00eda mucho muy agradable para los espectadores, no habr\u00eda tanto calor pero tenemos que estar muy al pendiente, todav\u00eda estamos muy lejos los pron\u00f3sticos se dan para 7 d\u00edas, me dec\u00eda el meteor\u00f3logo que para las fechas del Carnaval est\u00e1n pronosticadas lluvias en menor cantidad, pero son pron\u00f3sticos y hay que ver c\u00f3mo se comporta el tiempo&#8221;, subray\u00f3 Alfonso Garc\u00eda Cardona, director de Protecci\u00f3n Civil.<\/p>\n<p>El funcionario municipal mencion\u00f3 que se tiene previsto que contin\u00faen las lluvias durante esta semana, y solicit\u00f3 a la ciudadan\u00eda evitar hacer reportes por redes sociales ya que no es la v\u00eda oficial, y de esta manera no podr\u00e1n ser atendidos si es que suceda alg\u00fan siniestro.<\/p>\n<p>&#8220;Le pedimos a la gente que cuando haya alguna situaci\u00f3n lo reporte y no use las redes sociales para hacerlo porque no es el camino oficial para hacerlo y no podemos nosotros saber que es lo que est\u00e1 ocurriendo&#8221;, agreg\u00f3.<\/p>\n","protected":false},"excerpt":{"rendered":"<p>Alejandro \u00c1vila Veracruz, Ver.- Aunque en menor escala y a\u00fan se tiene que esperar un segundo reporte sobre el pron\u00f3stico del tiempo, los meteor\u00f3logos se\u00f1alan que habr\u00e1 precipitaciones pluviales durante los festejos del Carnaval de Veracruz. &#8220;Mientras que no tengamos lluvias durante los eventos tendremos condiciones \u00f3ptimas para hacerlos, si tenemos un tiempo nublado ser\u00eda [&hellip;]<\/p>\n","protected":false},"author":2476,"featured_media":68714,"comment_status":"open","ping_status":"open","sticky":false,"template":"","format":"standard","meta":{"_jetpack_memberships_contains_paid_content":false,"footnotes":""},"categories":[2],"tags":[],"class_list":["post-68713","post","type-post","status-publish","format-standard","has-post-thumbnail","hentry","category-estado"],"jetpack_featured_media_url":"https:\/\/encuentroinformativo.com.mx\/wp-content\/uploads\/2025\/06\/IMG-20250623-WA01662.jpg","jetpack_sharing_enabled":true,"jetpack_likes_enabled":true,"amp_enabled":true,"_links":{"self":[{"href":"https:\/\/encuentroinformativo.com.mx\/index.php?rest_route=\/wp\/v2\/posts\/68713","targetHints":{"allow":["GET"]}}],"collection":[{"href":"https:\/\/encuentroinformativo.com.mx\/index.php?rest_route=\/wp\/v2\/posts"}],"about":[{"href":"https:\/\/encuentroinformativo.com.mx\/index.php?rest_route=\/wp\/v2\/types\/post"}],"author":[{"embeddable":true,"href":"https:\/\/encuentroinformativo.com.mx\/index.php?rest_route=\/wp\/v2\/users\/2476"}],"replies":[{"embeddable":true,"href":"https:\/\/encuentroinformativo.com.mx\/index.php?rest_route=%2Fwp%2Fv2%2Fcomments&post=68713"}],"version-history":[{"count":2,"href":"https:\/\/encuentroinformativo.com.mx\/index.php?rest_route=\/wp\/v2\/posts\/68713\/revisions"}],"predecessor-version":[{"id":68716,"href":"https:\/\/encuentroinformativo.com.mx\/index.php?rest_route=\/wp\/v2\/posts\/68713\/revisions\/68716"}],"wp:featuredmedia":[{"embeddable":true,"href":"https:\/\/encuentroinformativo.com.mx\/index.php?rest_route=\/wp\/v2\/media\/68714"}],"wp:attachment":[{"href":"https:\/\/encuentroinformativo.com.mx\/index.php?rest_route=%2Fwp%2Fv2%2Fmedia&parent=68713"}],"wp:term":[{"taxonomy":"category","embeddable":true,"href":"https:\/\/encuentroinformativo.com.mx\/index.php?rest_route=%2Fwp%2Fv2%2Fcategories&post=68713"},{"taxonomy":"post_tag","embeddable":true,"href":"https:\/\/encuentroinformativo.com.mx\/index.php?rest_route=%2Fwp%2Fv2%2Ftags&post=68713"}],"curies":[{"name":"wp","href":"https:\/\/api.w.org\/{rel}","templated":true}]}}