{"id":68717,"date":"2025-06-23T12:33:06","date_gmt":"2025-06-23T18:33:06","guid":{"rendered":"https:\/\/encuentroinformativo.com.mx\/?p=68717"},"modified":"2025-06-23T12:33:06","modified_gmt":"2025-06-23T18:33:06","slug":"realizan-exposicion-del-carnaval-de-veracruz-en-el-world-trade-center","status":"publish","type":"post","link":"https:\/\/encuentroinformativo.com.mx\/?p=68717","title":{"rendered":"Realizan exposici\u00f3n del Carnaval de Veracruz en el World Trade Center"},"content":{"rendered":"<p><strong>Alejandro \u00c1vila<\/strong><\/p>\n<p>Veracruz, Ver.- La exposici\u00f3n \u201cAlegor\u00eda Carnestolenda\u201d fue inaugurada en el World Trade Center de Boca del R\u00edo y ser\u00e1 expuesta hasta el pr\u00f3ximo 30 de junio.<\/p>\n<p>La Galer\u00eda de Arte del WTC de Veracruz se visti\u00f3 de colorido y algarab\u00eda con esta colectiva de arte donde se present\u00f3 pintura, fotograf\u00eda, escultura, arte objeto y vestuarios de ex reinas y ex reyes del Carnaval de Veracruz.<\/p>\n<p>A\u00f1o con a\u00f1o, M\u00facara Casa de Artes, en v\u00edspera a iniciar el Carnaval de Veracruz, presenta esta magna colectiva en la que los artistas pl\u00e1sticos a trav\u00e9s de a lente o el pincel plasman lo que para ellos significa el \u201cCarnaval m\u00e1s alegre del mundo\u201d.<\/p>\n<p>Se cont\u00f3 con la presencia de los reyes infantiles electos, as\u00ed como la actual soberana infantil, Kasteny Barbe\u00edto de la Vega; C\u00e9sar de Alegr\u00eda, rey del carnaval de la comunidad LGBTQ+ de la asociaci\u00f3n \u201cPor Un Veracruz Sin Discriminaci\u00f3n\u201d; la reina de belleza Valetina.<\/p>\n<p><img loading=\"lazy\" decoding=\"async\" class=\"aligncenter size-medium wp-image-68719\" src=\"https:\/\/encuentroinformativo.com.mx\/wp-content\/uploads\/2025\/06\/IMG-20250623-WA0184-300x200.jpg\" alt=\"\" width=\"300\" height=\"200\" srcset=\"https:\/\/encuentroinformativo.com.mx\/wp-content\/uploads\/2025\/06\/IMG-20250623-WA0184-300x200.jpg 300w, https:\/\/encuentroinformativo.com.mx\/wp-content\/uploads\/2025\/06\/IMG-20250623-WA0184-1024x682.jpg 1024w, https:\/\/encuentroinformativo.com.mx\/wp-content\/uploads\/2025\/06\/IMG-20250623-WA0184-768x512.jpg 768w, https:\/\/encuentroinformativo.com.mx\/wp-content\/uploads\/2025\/06\/IMG-20250623-WA0184-1536x1023.jpg 1536w, https:\/\/encuentroinformativo.com.mx\/wp-content\/uploads\/2025\/06\/IMG-20250623-WA0184.jpg 1600w\" sizes=\"auto, (max-width: 300px) 100vw, 300px\" \/><\/p>\n","protected":false},"excerpt":{"rendered":"<p>Alejandro \u00c1vila Veracruz, Ver.- La exposici\u00f3n \u201cAlegor\u00eda Carnestolenda\u201d fue inaugurada en el World Trade Center de Boca del R\u00edo y ser\u00e1 expuesta hasta el pr\u00f3ximo 30 de junio. La Galer\u00eda de Arte del WTC de Veracruz se visti\u00f3 de colorido y algarab\u00eda con esta colectiva de arte donde se present\u00f3 pintura, fotograf\u00eda, escultura, arte objeto [&hellip;]<\/p>\n","protected":false},"author":2476,"featured_media":68718,"comment_status":"open","ping_status":"open","sticky":false,"template":"","format":"standard","meta":{"_jetpack_memberships_contains_paid_content":false,"footnotes":""},"categories":[2],"tags":[],"class_list":["post-68717","post","type-post","status-publish","format-standard","has-post-thumbnail","hentry","category-estado"],"jetpack_featured_media_url":"https:\/\/encuentroinformativo.com.mx\/wp-content\/uploads\/2025\/06\/IMG-20250623-WA0181.jpg","jetpack_sharing_enabled":true,"jetpack_likes_enabled":true,"amp_enabled":true,"_links":{"self":[{"href":"https:\/\/encuentroinformativo.com.mx\/index.php?rest_route=\/wp\/v2\/posts\/68717","targetHints":{"allow":["GET"]}}],"collection":[{"href":"https:\/\/encuentroinformativo.com.mx\/index.php?rest_route=\/wp\/v2\/posts"}],"about":[{"href":"https:\/\/encuentroinformativo.com.mx\/index.php?rest_route=\/wp\/v2\/types\/post"}],"author":[{"embeddable":true,"href":"https:\/\/encuentroinformativo.com.mx\/index.php?rest_route=\/wp\/v2\/users\/2476"}],"replies":[{"embeddable":true,"href":"https:\/\/encuentroinformativo.com.mx\/index.php?rest_route=%2Fwp%2Fv2%2Fcomments&post=68717"}],"version-history":[{"count":1,"href":"https:\/\/encuentroinformativo.com.mx\/index.php?rest_route=\/wp\/v2\/posts\/68717\/revisions"}],"predecessor-version":[{"id":68720,"href":"https:\/\/encuentroinformativo.com.mx\/index.php?rest_route=\/wp\/v2\/posts\/68717\/revisions\/68720"}],"wp:featuredmedia":[{"embeddable":true,"href":"https:\/\/encuentroinformativo.com.mx\/index.php?rest_route=\/wp\/v2\/media\/68718"}],"wp:attachment":[{"href":"https:\/\/encuentroinformativo.com.mx\/index.php?rest_route=%2Fwp%2Fv2%2Fmedia&parent=68717"}],"wp:term":[{"taxonomy":"category","embeddable":true,"href":"https:\/\/encuentroinformativo.com.mx\/index.php?rest_route=%2Fwp%2Fv2%2Fcategories&post=68717"},{"taxonomy":"post_tag","embeddable":true,"href":"https:\/\/encuentroinformativo.com.mx\/index.php?rest_route=%2Fwp%2Fv2%2Ftags&post=68717"}],"curies":[{"name":"wp","href":"https:\/\/api.w.org\/{rel}","templated":true}]}}