{"id":68727,"date":"2025-06-23T13:21:51","date_gmt":"2025-06-23T19:21:51","guid":{"rendered":"https:\/\/encuentroinformativo.com.mx\/?p=68727"},"modified":"2025-06-23T13:21:51","modified_gmt":"2025-06-23T19:21:51","slug":"familiares-piden-agilizar-busqueda-de-menor-desaparecido-en-xico","status":"publish","type":"post","link":"https:\/\/encuentroinformativo.com.mx\/?p=68727","title":{"rendered":"Familiares piden agilizar b\u00fasqueda de menor desaparecido en Xico"},"content":{"rendered":"<p><strong>Dar\u00edo Pale<\/strong><\/p>\n<p>Xalapa, Ver.- Familiares buscan a Jos\u00e9 Antonio, ni\u00f1o desaparecido en Xico, est\u00e1n solicitando el apoyo de las diferentes autoridades y de la sociedad en general para localizar al menor Jos\u00e9 Antonio Pozos Morales.<\/p>\n<p>En conferencia de prensa familiares solicitaron el apoyo del Gobierno y la Fiscal\u00eda General de Veracruz para localizar a Jos\u00e9 Antonio Pozos Morales, de apenas 14 a\u00f1os de edad, el cual se encuentra desaparecido desde el pasado martes 17 de junio.<\/p>\n<p>Jos\u00e9 Antonio fue visto por \u00faltima vez en la colonia Bernardo Sayago, en el municipio de Xico, luego de salir a comprar a una tienda cercana a su domicilio, ubicado en la calle Carpinteros, alrededor de las 20:30 horas.<\/p>\n<p>&#8220;Son ocho d\u00edas que mi hijo no aparece, es mucho tiempo y no da respuesta la Fiscal\u00eda&#8221;, reclam\u00f3 C\u00e1ndido Morales Su\u00e1rez, t\u00edo de Jos\u00e9 Antonio y qui\u00e9n se ha hecho cargo de \u00e9l desde que su madre muri\u00f3, cuando ten\u00eda 5 a\u00f1os.<\/p>\n<p>C\u00e1ndido record\u00f3 que ya existe una denuncia formal ante la Fiscal\u00eda General del Estado, por lo que demand\u00f3 que las autoridades agilicen la investigaci\u00f3n.<\/p>\n<p>Finalmente asegur\u00f3 que Jos\u00e9 Antonio es un ni\u00f1o tranquilo, respetuoso, que no se mete en problemas, sin vicios ni malas amistades, lo que hace m\u00e1s preocupante su desaparici\u00f3n.<\/p>\n<p><img loading=\"lazy\" decoding=\"async\" class=\"aligncenter size-medium wp-image-68729\" src=\"https:\/\/encuentroinformativo.com.mx\/wp-content\/uploads\/2025\/06\/IMG-20250623-WA0213-300x169.jpg\" alt=\"\" width=\"300\" height=\"169\" srcset=\"https:\/\/encuentroinformativo.com.mx\/wp-content\/uploads\/2025\/06\/IMG-20250623-WA0213-300x169.jpg 300w, https:\/\/encuentroinformativo.com.mx\/wp-content\/uploads\/2025\/06\/IMG-20250623-WA0213-1024x576.jpg 1024w, https:\/\/encuentroinformativo.com.mx\/wp-content\/uploads\/2025\/06\/IMG-20250623-WA0213-768x432.jpg 768w, https:\/\/encuentroinformativo.com.mx\/wp-content\/uploads\/2025\/06\/IMG-20250623-WA0213.jpg 1096w\" sizes=\"auto, (max-width: 300px) 100vw, 300px\" \/><\/p>\n","protected":false},"excerpt":{"rendered":"<p>Dar\u00edo Pale Xalapa, Ver.- Familiares buscan a Jos\u00e9 Antonio, ni\u00f1o desaparecido en Xico, est\u00e1n solicitando el apoyo de las diferentes autoridades y de la sociedad en general para localizar al menor Jos\u00e9 Antonio Pozos Morales. En conferencia de prensa familiares solicitaron el apoyo del Gobierno y la Fiscal\u00eda General de Veracruz para localizar a Jos\u00e9 [&hellip;]<\/p>\n","protected":false},"author":2476,"featured_media":68728,"comment_status":"open","ping_status":"open","sticky":false,"template":"","format":"standard","meta":{"_jetpack_memberships_contains_paid_content":false,"footnotes":""},"categories":[8],"tags":[],"class_list":["post-68727","post","type-post","status-publish","format-standard","has-post-thumbnail","hentry","category-region"],"jetpack_featured_media_url":"https:\/\/encuentroinformativo.com.mx\/wp-content\/uploads\/2025\/06\/IMG-20250623-WA0214.jpg","jetpack_sharing_enabled":true,"jetpack_likes_enabled":true,"amp_enabled":true,"_links":{"self":[{"href":"https:\/\/encuentroinformativo.com.mx\/index.php?rest_route=\/wp\/v2\/posts\/68727","targetHints":{"allow":["GET"]}}],"collection":[{"href":"https:\/\/encuentroinformativo.com.mx\/index.php?rest_route=\/wp\/v2\/posts"}],"about":[{"href":"https:\/\/encuentroinformativo.com.mx\/index.php?rest_route=\/wp\/v2\/types\/post"}],"author":[{"embeddable":true,"href":"https:\/\/encuentroinformativo.com.mx\/index.php?rest_route=\/wp\/v2\/users\/2476"}],"replies":[{"embeddable":true,"href":"https:\/\/encuentroinformativo.com.mx\/index.php?rest_route=%2Fwp%2Fv2%2Fcomments&post=68727"}],"version-history":[{"count":1,"href":"https:\/\/encuentroinformativo.com.mx\/index.php?rest_route=\/wp\/v2\/posts\/68727\/revisions"}],"predecessor-version":[{"id":68730,"href":"https:\/\/encuentroinformativo.com.mx\/index.php?rest_route=\/wp\/v2\/posts\/68727\/revisions\/68730"}],"wp:featuredmedia":[{"embeddable":true,"href":"https:\/\/encuentroinformativo.com.mx\/index.php?rest_route=\/wp\/v2\/media\/68728"}],"wp:attachment":[{"href":"https:\/\/encuentroinformativo.com.mx\/index.php?rest_route=%2Fwp%2Fv2%2Fmedia&parent=68727"}],"wp:term":[{"taxonomy":"category","embeddable":true,"href":"https:\/\/encuentroinformativo.com.mx\/index.php?rest_route=%2Fwp%2Fv2%2Fcategories&post=68727"},{"taxonomy":"post_tag","embeddable":true,"href":"https:\/\/encuentroinformativo.com.mx\/index.php?rest_route=%2Fwp%2Fv2%2Ftags&post=68727"}],"curies":[{"name":"wp","href":"https:\/\/api.w.org\/{rel}","templated":true}]}}