{"id":6875,"date":"2020-10-13T21:18:41","date_gmt":"2020-10-14T02:18:41","guid":{"rendered":"https:\/\/encuentroinformativo.com.mx\/?p=6875"},"modified":"2020-10-13T21:18:43","modified_gmt":"2020-10-14T02:18:43","slug":"zonas-arqueologicas-abriran-en-enero","status":"publish","type":"post","link":"https:\/\/encuentroinformativo.com.mx\/?p=6875","title":{"rendered":"Zonas arqueol\u00f3gicas abrir\u00e1n en enero"},"content":{"rendered":"\n<p><strong>Juan Arcos <\/strong><\/p>\n\n\n\n<p>Xalapa, Ver.- Hasta enero pr\u00f3ximo reabrir\u00e1n las zonas arqueol\u00f3gicas en el estado de Veracruz, debido a la pandemia de SARS-COV-2 (COVID-19).<\/p>\n\n\n\n<p>De acuerdo con Jos\u00e9 Antonio Cagijal Zorrilla, presidente de la Asociaci\u00f3n Veracruzana de Tour Operadores, el patrimonio arqueol\u00f3gico est\u00e1 bajo vigilancia del Instituto Nacional de Antropolog\u00eda e Historia (INAH).<\/p>\n\n\n\n<p>\u201cInicialmente se iban a abrir en agosto y, por mandato federal, las zonas arqueol\u00f3gicas est\u00e1n bajo la vigilancia del INAH, y los guardaparques y dem\u00e1s est\u00e1n bajo ese esquema y lo m\u00e1s seguro es que sea hasta enero del pr\u00f3ximo a\u00f1o que se activen\u201d.<\/p>\n\n\n\n<p>Por lo tanto, autoridades federales ya han anunciado que los bur\u00f3cratas regresar\u00e1n a sus puestos de trabajo hasta el siguiente a\u00f1o.<\/p>\n\n\n\n<p>El empresario se\u00f1al\u00f3 que Veracruz deber\u00e1 pasar a sem\u00e1foro epidemiol\u00f3gico color verde, para la reapertura de dichos espacios, mismos que son considerados de gran importancia para el turismo.<\/p>\n\n\n\n<p>En la actualidad, la entidad regres\u00f3 a sem\u00e1foro amarillo, de riesgo medio de contagio, aplicable de este lunes 12 al 25 de octubre; sin embargo, en cuanto a la semaforizaci\u00f3n regional, 16 municipios se encuentran en tono amarillo y 196 en naranja, de riesgo algo de contagio.<\/p>\n\n\n\n<p>Cagijal Zorrilla explic\u00f3 que, antes de la contingencia sanitaria, en la Ruta Totonaca hab\u00eda recorridos por las zonas arqueol\u00f3gicas de El Taj\u00edn -ciudad prehisp\u00e1nica mesoamericana m\u00e1s importante de la costa norte de Veracruz- y Quiahuiztl\u00e1n.<\/p>\n\n\n\n<p>A\u00f1adi\u00f3 que el estado cuenta con unas de las zonas arqueol\u00f3gicas m\u00e1s importantes de Latinoam\u00e9rica, por lo que este producto tur\u00edstico debe ser promovido a nivel nacional e internacional.<\/p>\n\n\n\n<p>\u201cS\u00ed es un producto importante, pero tenemos mucho m\u00e1s qu\u00e9 ofrecer y estamos enfocando las c\u00e1maras hacia otros productos, que ya est\u00e1n en actividad, para poder seguir trayendo turismo. En su momento, reactiv\u00e1ndose las zonas arqueol\u00f3gicas se reintegrar\u00e1n a nuestros paseos y rutas\u201d, agreg\u00f3.<\/p>\n","protected":false},"excerpt":{"rendered":"<p>Juan Arcos Xalapa, Ver.- Hasta enero pr\u00f3ximo reabrir\u00e1n las zonas arqueol\u00f3gicas en el estado de Veracruz, debido a la pandemia de SARS-COV-2 (COVID-19). De acuerdo con Jos\u00e9 Antonio Cagijal Zorrilla, presidente de la Asociaci\u00f3n Veracruzana de Tour Operadores, el patrimonio arqueol\u00f3gico est\u00e1 bajo vigilancia del Instituto Nacional de Antropolog\u00eda e Historia (INAH). \u201cInicialmente se iban [&hellip;]<\/p>\n","protected":false},"author":1,"featured_media":6876,"comment_status":"open","ping_status":"open","sticky":false,"template":"","format":"standard","meta":{"_jetpack_memberships_contains_paid_content":false,"footnotes":""},"categories":[2],"tags":[],"class_list":["post-6875","post","type-post","status-publish","format-standard","has-post-thumbnail","hentry","category-estado"],"jetpack_featured_media_url":"https:\/\/encuentroinformativo.com.mx\/wp-content\/uploads\/2020\/10\/62228387-DF66-4F80-94B2-153FD3C291A7.jpeg","jetpack_sharing_enabled":true,"jetpack_likes_enabled":true,"amp_enabled":true,"_links":{"self":[{"href":"https:\/\/encuentroinformativo.com.mx\/index.php?rest_route=\/wp\/v2\/posts\/6875","targetHints":{"allow":["GET"]}}],"collection":[{"href":"https:\/\/encuentroinformativo.com.mx\/index.php?rest_route=\/wp\/v2\/posts"}],"about":[{"href":"https:\/\/encuentroinformativo.com.mx\/index.php?rest_route=\/wp\/v2\/types\/post"}],"author":[{"embeddable":true,"href":"https:\/\/encuentroinformativo.com.mx\/index.php?rest_route=\/wp\/v2\/users\/1"}],"replies":[{"embeddable":true,"href":"https:\/\/encuentroinformativo.com.mx\/index.php?rest_route=%2Fwp%2Fv2%2Fcomments&post=6875"}],"version-history":[{"count":1,"href":"https:\/\/encuentroinformativo.com.mx\/index.php?rest_route=\/wp\/v2\/posts\/6875\/revisions"}],"predecessor-version":[{"id":6877,"href":"https:\/\/encuentroinformativo.com.mx\/index.php?rest_route=\/wp\/v2\/posts\/6875\/revisions\/6877"}],"wp:featuredmedia":[{"embeddable":true,"href":"https:\/\/encuentroinformativo.com.mx\/index.php?rest_route=\/wp\/v2\/media\/6876"}],"wp:attachment":[{"href":"https:\/\/encuentroinformativo.com.mx\/index.php?rest_route=%2Fwp%2Fv2%2Fmedia&parent=6875"}],"wp:term":[{"taxonomy":"category","embeddable":true,"href":"https:\/\/encuentroinformativo.com.mx\/index.php?rest_route=%2Fwp%2Fv2%2Fcategories&post=6875"},{"taxonomy":"post_tag","embeddable":true,"href":"https:\/\/encuentroinformativo.com.mx\/index.php?rest_route=%2Fwp%2Fv2%2Ftags&post=6875"}],"curies":[{"name":"wp","href":"https:\/\/api.w.org\/{rel}","templated":true}]}}