{"id":68762,"date":"2025-06-24T12:02:15","date_gmt":"2025-06-24T18:02:15","guid":{"rendered":"https:\/\/encuentroinformativo.com.mx\/?p=68762"},"modified":"2025-06-24T12:02:15","modified_gmt":"2025-06-24T18:02:15","slug":"advierte-diocesis-disminucion-de-peregrinaciones-al-santuario-de-la-virgen-del-carmen-en-catemaco","status":"publish","type":"post","link":"https:\/\/encuentroinformativo.com.mx\/?p=68762","title":{"rendered":"Advierte Di\u00f3cesis disminuci\u00f3n de peregrinaciones al santuario de la Virgen del Carmen en Catemaco\u00a0"},"content":{"rendered":"<p><strong>* Catemaco todav\u00eda percibe peregrinos de talla nacional, por ello, se alistan actividades para continuar con esta tradici\u00f3n de fe.<\/strong><\/p>\n<p><strong>Armando Azamar<\/strong><\/p>\n<p>Catemaco, Ver.- La fe y devoci\u00f3n a la Virgen del Carmen, una fiesta que engalana a Catemaco cada 16 de Julio, en los \u00faltimos a\u00f1os ha sufrido un descenso en el n\u00famero de peregrinaciones, de acuerdo al Vocero de la Di\u00f3cesis de San Andr\u00e9s Tuxtla, padre Te\u00f3dulo Morales Mezo, factores como la inseguridad, crisis econ\u00f3mica y la falta de reevangelizaci\u00f3n, ha enfriado el fervor religioso y ahora cada vez menos peregrinos visitan la bas\u00edlica de la virgen del Carmen enclavada en este municipio m\u00e1gico.<\/p>\n<p>Refiri\u00f3 que, ante esta situaci\u00f3n, la iglesia cat\u00f3lica busca reivindicar esta actividad religiosa, con el apoyo de las parroquias de la zona serrana y de municipios aleda\u00f1os, a prop\u00f3sito de la pr\u00f3xima peregrinaci\u00f3n que se estar\u00e1 realizando el d\u00eda 15 de julio donde se ha de convocar a la feligres\u00eda.<\/p>\n<p>\u201cViendo un poco el descenso de feligreses que ha habido \u00faltimamente en las peregrinaciones del santuario de la Virgen del Carmen en Catemaco, en este a\u00f1o se ha implementado un programa que incluye una invitaci\u00f3n especial a varias parroquias de la zona de la sierra, todo el p\u00fablico en general, incluso, hasta los mismos sacerdotes vamos a participar en la peregrinaci\u00f3n que se va a llevar a cabo el pr\u00f3ximo 15 de Julio.<\/p>\n<p>Se incluir\u00e1n todas las parroquias y presb\u00edteros, esperemos que este a\u00f1o se repunte el n\u00famero de feligreses a la bas\u00edlica, y esperemos tener una buena asistencia de esta peregrinaci\u00f3n que se realizar\u00e1 dentro de la cabecera municipal\u201d, dijo.<\/p>\n<p>A pesar de la disminuci\u00f3n en la llegada de peregrinos, las fiestas en honor a la Virgen del Carmen en Catemaco, la patrona de los catemaque\u00f1os, sigue siendo la fecha m\u00e1s esperada principalmente para prestadores de servicios, pues se reactiva la econom\u00eda con visitantes de otros lugares que aprovechan tambi\u00e9n las vacaciones de verano.<\/p>\n<p>El Vocero de la Di\u00f3cesis, record\u00f3 que, por muchos a\u00f1os, existen grupos de peregrinos que han seguido al pie de la letra su visita a la Virgen del Carmen, peregrinando a pie, en bicicleta, o bien, en caravanas de autom\u00f3viles, recordando que la fe mueve monta\u00f1as, y que no importando el estado del clima o alguna otra situaci\u00f3n, tienen que llegar para agradecer por un milagro, o bien, para pedir alg\u00fan favor especial.<\/p>\n<p>A partir del 4 de julio, adem\u00e1s de las actividades religiosas, el ayuntamiento en turno realiza su cartelera de actividades culturales y art\u00edsticas, para el disfrute de turistas y habitantes.<\/p>\n<p><img loading=\"lazy\" decoding=\"async\" class=\"aligncenter size-medium wp-image-68764\" src=\"https:\/\/encuentroinformativo.com.mx\/wp-content\/uploads\/2025\/06\/IMG-20250624-WA0048-300x135.jpg\" alt=\"\" width=\"300\" height=\"135\" srcset=\"https:\/\/encuentroinformativo.com.mx\/wp-content\/uploads\/2025\/06\/IMG-20250624-WA0048-300x135.jpg 300w, https:\/\/encuentroinformativo.com.mx\/wp-content\/uploads\/2025\/06\/IMG-20250624-WA0048-1024x460.jpg 1024w, https:\/\/encuentroinformativo.com.mx\/wp-content\/uploads\/2025\/06\/IMG-20250624-WA0048-768x345.jpg 768w, https:\/\/encuentroinformativo.com.mx\/wp-content\/uploads\/2025\/06\/IMG-20250624-WA0048.jpg 1280w\" sizes=\"auto, (max-width: 300px) 100vw, 300px\" \/><\/p>\n","protected":false},"excerpt":{"rendered":"<p>* Catemaco todav\u00eda percibe peregrinos de talla nacional, por ello, se alistan actividades para continuar con esta tradici\u00f3n de fe. Armando Azamar Catemaco, Ver.- La fe y devoci\u00f3n a la Virgen del Carmen, una fiesta que engalana a Catemaco cada 16 de Julio, en los \u00faltimos a\u00f1os ha sufrido un descenso en el n\u00famero de [&hellip;]<\/p>\n","protected":false},"author":2476,"featured_media":68763,"comment_status":"open","ping_status":"open","sticky":false,"template":"","format":"standard","meta":{"_jetpack_memberships_contains_paid_content":false,"footnotes":""},"categories":[2],"tags":[],"class_list":["post-68762","post","type-post","status-publish","format-standard","has-post-thumbnail","hentry","category-estado"],"jetpack_featured_media_url":"https:\/\/encuentroinformativo.com.mx\/wp-content\/uploads\/2025\/06\/IMG-20250624-WA0047.jpg","jetpack_sharing_enabled":true,"jetpack_likes_enabled":true,"amp_enabled":true,"_links":{"self":[{"href":"https:\/\/encuentroinformativo.com.mx\/index.php?rest_route=\/wp\/v2\/posts\/68762","targetHints":{"allow":["GET"]}}],"collection":[{"href":"https:\/\/encuentroinformativo.com.mx\/index.php?rest_route=\/wp\/v2\/posts"}],"about":[{"href":"https:\/\/encuentroinformativo.com.mx\/index.php?rest_route=\/wp\/v2\/types\/post"}],"author":[{"embeddable":true,"href":"https:\/\/encuentroinformativo.com.mx\/index.php?rest_route=\/wp\/v2\/users\/2476"}],"replies":[{"embeddable":true,"href":"https:\/\/encuentroinformativo.com.mx\/index.php?rest_route=%2Fwp%2Fv2%2Fcomments&post=68762"}],"version-history":[{"count":1,"href":"https:\/\/encuentroinformativo.com.mx\/index.php?rest_route=\/wp\/v2\/posts\/68762\/revisions"}],"predecessor-version":[{"id":68765,"href":"https:\/\/encuentroinformativo.com.mx\/index.php?rest_route=\/wp\/v2\/posts\/68762\/revisions\/68765"}],"wp:featuredmedia":[{"embeddable":true,"href":"https:\/\/encuentroinformativo.com.mx\/index.php?rest_route=\/wp\/v2\/media\/68763"}],"wp:attachment":[{"href":"https:\/\/encuentroinformativo.com.mx\/index.php?rest_route=%2Fwp%2Fv2%2Fmedia&parent=68762"}],"wp:term":[{"taxonomy":"category","embeddable":true,"href":"https:\/\/encuentroinformativo.com.mx\/index.php?rest_route=%2Fwp%2Fv2%2Fcategories&post=68762"},{"taxonomy":"post_tag","embeddable":true,"href":"https:\/\/encuentroinformativo.com.mx\/index.php?rest_route=%2Fwp%2Fv2%2Ftags&post=68762"}],"curies":[{"name":"wp","href":"https:\/\/api.w.org\/{rel}","templated":true}]}}