{"id":68766,"date":"2025-06-24T12:25:34","date_gmt":"2025-06-24T18:25:34","guid":{"rendered":"https:\/\/encuentroinformativo.com.mx\/?p=68766"},"modified":"2025-06-24T12:25:34","modified_gmt":"2025-06-24T18:25:34","slug":"se-queda-en-la-carcel-el-doble-cero-juez-lo-imputa-por-homicidio-en-coatzacoalcos","status":"publish","type":"post","link":"https:\/\/encuentroinformativo.com.mx\/?p=68766","title":{"rendered":"Se queda en la c\u00e1rcel El doble cero; Juez lo imputa por homicidio en Coatzacoalcos"},"content":{"rendered":"<p><strong>* Abraham \u201cN\u201d, fue imputado por el delito de homicidio doloso calificado, dentro del proceso penal 161\/ 2025, dictando el juez como medida cautelar, prisi\u00f3n preventiva oficiosa.<\/strong><\/p>\n<p><strong>Fluvio Cesar Mart\u00ednez<\/strong><\/p>\n<p>Coatzacoalcos, Ver.- Abraham \u201cN\u201d, alias \u201cEl doble cero\u201d, presunto jefe de plaza del Cartel de Jalisco Nueva Generaci\u00f3n (CJNG) fue imputado por el delito de homicidio doloso calificado, por un Juez de Coatzacoalcos, esto a horas de su detenci\u00f3n en el estado de Chiapas y ser trasladado a la entidad durante la medianoche. Este martes fue recluido en el Cereso Duport Osti\u00f3n, donde enfrentar\u00e1 su proceso penal.<\/p>\n<p>De acuerdo con informes que aporta la Fiscal\u00eda General del Estado (FGE) de Veracruz, a Abraham se le se\u00f1ala de ser el presunto responsable del asesinato de hombre identificado con las iniciales C.A.P.R.; hechos que ocurrieron al interior de un establecimiento comercial ubicado en la colonia Puerto M\u00e9xico de esta ciudad.<\/p>\n<p>Es por ello que la Fiscal\u00eda Regional Coatzacoalcos lo present\u00f3 ante el juez que lo requiri\u00f3 para la audiencia inicial, donde se formul\u00f3 imputaci\u00f3n en su contra como probable responsable del delito de homicidio doloso calificado, dentro del proceso penal 161\/ 2025, dictando el juez como medida cautelar, prisi\u00f3n preventiva oficiosa.<\/p>\n<p>A pesar de que ya fue imputado, se sabe que el doble cero, es investigado por una serie de delitos cometidos en el sur de Veracruz desde 2014 pasado.<\/p>\n<p><strong>Contexto: \u00bfC\u00f3mo fue su detenci\u00f3n?<\/strong><\/p>\n<p>Desde el pasado 10 de junio, cuando la fiscal\u00eda le puso un precio de 350 mil pesos a su captura, elementos federales y estatales, desplegaron un fuerte operativo para su detenci\u00f3n en Veracruz y estados del sureste mexicano.<\/p>\n<p>Es as\u00ed, que la tarde del lunes 23 de junio, fue detenido en la avenida Andr\u00e9s Serra Rojas, en Tuxtla Guti\u00e9rrez, Chiapas, bajo la orden de aprehensi\u00f3n, n\u00famero 131\/2025, del Juzgado de Control de Coatzacoalcos.<\/p>\n<p>Despu\u00e9s de las 23 horas, del mismo lunes fue trasladado a Coatzacoalcos, bajo un fuerte operativo de seguridad, donde se realizaron las audiencias de legalizaci\u00f3n de su detenci\u00f3n e imputaci\u00f3n, durante las primeras horas de este martes.<\/p>\n<p><strong>Historial delictivo<\/strong><\/p>\n<p>&#8211; E 15 de noviembre de 2014, fue detenido por el homicidio de Jos\u00e9 Ignacio Ferez, gerente de la Comisi\u00f3n Municipal de Agua y Saneamiento (CMAS), sin embargo, fue liberado a los pocos meses.<\/p>\n<p>&#8211; El 6 de diciembre de 2019, elementos de la Secretar\u00eda de Marina lo detuvieron y fue juzgado por diversos delitos, pero de nueva cuenta un juez le concedi\u00f3 la libertad.<\/p>\n<p>&#8211; El asesinato del director de seguridad p\u00fablica municipal de San Juan Evangelista, Mariano Rodr\u00edguez P\u00e9rez, ocurrido el 6 de febrero del 2019, en el barrio Villalta, en Acayucan.<\/p>\n<p>&#8211; Tambi\u00e9n, podr\u00eda estar relacionado con el homicidio de la empresaria Susana Carrera, quien fue decapitada junto con un mensaje que culpaba de su muerte al esposo de \u00e9sta por no haber pagado el rescate.<\/p>\n","protected":false},"excerpt":{"rendered":"<p>* Abraham \u201cN\u201d, fue imputado por el delito de homicidio doloso calificado, dentro del proceso penal 161\/ 2025, dictando el juez como medida cautelar, prisi\u00f3n preventiva oficiosa. Fluvio Cesar Mart\u00ednez Coatzacoalcos, Ver.- Abraham \u201cN\u201d, alias \u201cEl doble cero\u201d, presunto jefe de plaza del Cartel de Jalisco Nueva Generaci\u00f3n (CJNG) fue imputado por el delito de [&hellip;]<\/p>\n","protected":false},"author":2476,"featured_media":68767,"comment_status":"open","ping_status":"open","sticky":false,"template":"","format":"standard","meta":{"_jetpack_memberships_contains_paid_content":false,"footnotes":""},"categories":[14],"tags":[],"class_list":["post-68766","post","type-post","status-publish","format-standard","has-post-thumbnail","hentry","category-policiaca"],"jetpack_featured_media_url":"https:\/\/encuentroinformativo.com.mx\/wp-content\/uploads\/2025\/06\/IMG-20250624-WA00972.jpg","jetpack_sharing_enabled":true,"jetpack_likes_enabled":true,"amp_enabled":true,"_links":{"self":[{"href":"https:\/\/encuentroinformativo.com.mx\/index.php?rest_route=\/wp\/v2\/posts\/68766","targetHints":{"allow":["GET"]}}],"collection":[{"href":"https:\/\/encuentroinformativo.com.mx\/index.php?rest_route=\/wp\/v2\/posts"}],"about":[{"href":"https:\/\/encuentroinformativo.com.mx\/index.php?rest_route=\/wp\/v2\/types\/post"}],"author":[{"embeddable":true,"href":"https:\/\/encuentroinformativo.com.mx\/index.php?rest_route=\/wp\/v2\/users\/2476"}],"replies":[{"embeddable":true,"href":"https:\/\/encuentroinformativo.com.mx\/index.php?rest_route=%2Fwp%2Fv2%2Fcomments&post=68766"}],"version-history":[{"count":1,"href":"https:\/\/encuentroinformativo.com.mx\/index.php?rest_route=\/wp\/v2\/posts\/68766\/revisions"}],"predecessor-version":[{"id":68768,"href":"https:\/\/encuentroinformativo.com.mx\/index.php?rest_route=\/wp\/v2\/posts\/68766\/revisions\/68768"}],"wp:featuredmedia":[{"embeddable":true,"href":"https:\/\/encuentroinformativo.com.mx\/index.php?rest_route=\/wp\/v2\/media\/68767"}],"wp:attachment":[{"href":"https:\/\/encuentroinformativo.com.mx\/index.php?rest_route=%2Fwp%2Fv2%2Fmedia&parent=68766"}],"wp:term":[{"taxonomy":"category","embeddable":true,"href":"https:\/\/encuentroinformativo.com.mx\/index.php?rest_route=%2Fwp%2Fv2%2Fcategories&post=68766"},{"taxonomy":"post_tag","embeddable":true,"href":"https:\/\/encuentroinformativo.com.mx\/index.php?rest_route=%2Fwp%2Fv2%2Ftags&post=68766"}],"curies":[{"name":"wp","href":"https:\/\/api.w.org\/{rel}","templated":true}]}}