{"id":68771,"date":"2025-06-24T12:46:54","date_gmt":"2025-06-24T18:46:54","guid":{"rendered":"https:\/\/encuentroinformativo.com.mx\/?p=68771"},"modified":"2025-06-24T12:46:54","modified_gmt":"2025-06-24T18:46:54","slug":"cepal-el-mundo-necesita-con-urgencia-un-pacto-por-el-desarrollo-social-inclusivo","status":"publish","type":"post","link":"https:\/\/encuentroinformativo.com.mx\/?p=68771","title":{"rendered":"CEPAL: El mundo necesita con urgencia un Pacto por el desarrollo social inclusivo"},"content":{"rendered":"<p><strong>* Hoy se inaugur\u00f3 en Santiago, Chile, el Quinto Seminario Regional de Desarrollo Social de Am\u00e9rica Latina y el Caribe.<\/strong><\/p>\n<p>Santiago de Chile.- Urge avanzar hacia un Pacto por el desarrollo social inclusivo en el mundo, no solo como imperativo moral sino tambi\u00e9n para garantizar el progreso econ\u00f3mico y la estabilidad de las sociedades, plante\u00f3 la Comisi\u00f3n Econ\u00f3mica para Am\u00e9rica Latina y el Caribe (CEPAL) durante la primera jornada del Quinto Seminario Regional de Desarrollo Social de Am\u00e9rica Latina y el Caribe, en el que participan autoridades de gobierno, especialistas de renombre mundial, altos\/as funcionarios\/as del sistema de las Naciones Unidas y representantes de la sociedad civil.<\/p>\n<p>El encuentro de tres d\u00edas fue inaugurado por Jos\u00e9 Manuel Salazar-Xirinachs, Secretario Ejecutivo de la CEPAL; Susanne Fries-Gaier, Embajadora de la Rep\u00fablica Federal de Alemania en Chile; Hak-Jae Kim, Embajador de la Rep\u00fablica de Corea en Chile, y Diego Spottorno, Consejero T\u00e9cnico del Departamento de Cooperaci\u00f3n con los Pa\u00edses Andinos de la Agencia Espa\u00f1ola de Cooperaci\u00f3n para el Desarrollo (AECID), en representaci\u00f3n de Laura Oroz Ulibarri, Directora de Cooperaci\u00f3n con Am\u00e9rica Latina y el Caribe de la AECID (quien tambi\u00e9n envi\u00f3 un mensaje en video), con la moderaci\u00f3n de Alberto Arenas de Mesa, Director de la Divisi\u00f3n de Desarrollo Social de la CEPAL.<\/p>\n<p>\u201cEn esta nueva era multipolar y de inestabilidad geopol\u00edtica, el desarrollo social sigue siendo m\u00e1s importante que nunca, no solo como imperativo moral y de solidaridad humana, sino porque la falta de atenci\u00f3n a lo social es quiz\u00e1s la mayor amenaza tanto al progreso econ\u00f3mico como a la estabilidad de las sociedades y de las democracias. Atender lo social es indispensable para devolver la confianza y la esperanza de las poblaciones en los gobiernos, en la democracia, en el multilateralismo y en la cooperaci\u00f3n internacional\u201d, subray\u00f3 Jos\u00e9 Manuel Salazar-Xirinachs.<\/p>\n<p>El Secretario Ejecutivo de la CEPAL analiz\u00f3 las tres trampas del desarrollo que limitan el progreso de Am\u00e9rica Latina y el Caribe (baja capacidad para crecer y transformar; alta desigualdad, baja movilidad social y d\u00e9bil cohesi\u00f3n social; y baja capacidad institucional y gobernanza poco efectiva) y present\u00f3 el Informe especial: \u201cCamino a la Segunda Cumbre Mundial sobre Desarrollo Social de 2025: hacia un pacto por el desarrollo social inclusivo\u201d.<\/p>\n<p>\u201cEn la Primera Cumbre de Desarrollo Social de 1995 en Copenhague se posicion\u00f3 el desarrollo social como eje estrat\u00e9gico del desarrollo global\u201d, record\u00f3 la m\u00e1xima autoridad de la CEPAL. La aprobaci\u00f3n de la Agenda 2030 para el Desarrollo Sostenible y otros tratados y acuerdos internacionales, como el reciente Pacto para el Futuro, muestran \u201cque es posible alcanzar grandes consensos, compromisos y acuerdos que viabilicen la consecuci\u00f3n de objetivos comunes vinculados con el desarrollo social\u201d, agreg\u00f3.<\/p>\n<p>Por eso, resalt\u00f3 Jos\u00e9 Manuel Salazar-Xirinachs, \u201cdesde la CEPAL hacemos un llamado a la comunidad internacional para que en la Segunda Cumbre Mundial sobre Desarrollo Social (Doha, Qatar, 4-6 de noviembre de 2025) se acuerde un Pacto por el desarrollo social inclusivo que permita hacer efectivos los compromisos sociales acordados en la Agenda 2030\u201d.<\/p>\n<p>En concreto, la CEPAL plantea diez propuestas para un Pacto por el desarrollo social inclusivo: 1) Erradicaci\u00f3n de la pobreza y el hambre; 2) Reducci\u00f3n de la desigualdad; 3) Avanzar hacia sistemas de protecci\u00f3n social universales, integrales, sostenibles y resilientes; 4) Promoci\u00f3n de la protecci\u00f3n social digital frente a la transformaci\u00f3n digital; 5) Reducci\u00f3n de la desigualdad de g\u00e9nero y promoci\u00f3n de la sociedad del cuidado; 6) Promoci\u00f3n de la inclusi\u00f3n laboral en un contexto de pol\u00edticas de desarrollo productivo fortalecidas; 7) Inversi\u00f3n en educaci\u00f3n como instrumento de la movilidad de los j\u00f3venes; 8) Transformaci\u00f3n de los sistemas de salud para avanzar hacia la salud universal; 9) Fortalecimiento de los sistemas de pensiones frente al envejecimiento poblacional acelerado; 10) Movilizaci\u00f3n de recursos y cooperaci\u00f3n multilateral para la sostenibilidad financiera del desarrollo social inclusivo.<\/p>\n<p>En 2023, la pobreza en Am\u00e9rica Latina y el Caribe fue de 27,3% de la poblaci\u00f3n, una cifra m\u00e1s baja pero muy similar a la del 2014. La pobreza extrema fue de 10,6%, superior al 8,6% de hace una d\u00e9cada. \u201cPor eso hablamos de una segunda d\u00e9cada perdida entre 2014 y 2023, no solo en cuanto a crecimiento econ\u00f3mico, sino tambi\u00e9n en cuanto a reducci\u00f3n de la pobreza\u201d, enfatiz\u00f3 el Secretario Ejecutivo de la CEPAL.<\/p>\n<p>En sus palabras inaugurales, la Embajadora de Alemania en Chile, Susanne Fries-Gaier, coincidi\u00f3 en que, \u201cespecialmente en estos tiempos, necesitamos m\u00e1s que nunca organizaciones multilaterales fuertes para colaborar en la b\u00fasqueda de soluciones a los problemas que enfrentamos. Por ello, se valora profundamente el papel singular de la CEPAL como uno de los centros de pensamiento m\u00e1s influyentes de la regi\u00f3n, como pilar de la cooperaci\u00f3n multilateral y como interlocutor estrat\u00e9gico para la formulaci\u00f3n de pol\u00edticas p\u00fablicas con visi\u00f3n de futuro\u201d.<\/p>\n<p>De igual forma, el Embajador de la Rep\u00fablica de Corea en Chile, Hak-Jae Kim, indic\u00f3 que \u201cla inclusividad ya no es solamente un aspecto del bienestar social. El \u00fanico camino hacia un crecimiento econ\u00f3mico sostenible es el crecimiento inclusivo que distribuye equitativamente las oportunidades y los resultados del desarrollo\u201d. \u201cCuando la desigualdad se agrava las oportunidades se reducen. La falta de oportunidades solo intensifica los conflictos entre clases y generaciones\u201d, a\u00f1adi\u00f3.<\/p>\n<p>A trav\u00e9s de un mensaje en video, Laura Oroz Ulibarri dijo que \u201cla alianza estrat\u00e9gica de la AECID con la CEPAL suma ya m\u00e1s de 30 a\u00f1os. CEPAL es uno de nuestros socios prioritarios para lograr los objetivos de desarrollo para la regi\u00f3n. Combinando nuestros recursos, conocimiento y experiencia, abordamos desaf\u00edos regionales a trav\u00e9s de la colaboraci\u00f3n y el aprendizaje mutuo. Precisamente, la cohesi\u00f3n social y la b\u00fasqueda de alternativas frente a la desigualdad social son tem\u00e1ticas prioritarias en nuestra agenda compartida\u201d, palabras que fueron refrendadas por Diego Spottorno, Consejero T\u00e9cnico del Departamento de Cooperaci\u00f3n con los Pa\u00edses Andinos de AECID.<\/p>\n<p>El panel de alto nivel en el que se analiz\u00f3 el proceso preparatorio regional hacia la Segunda Cumbre Mundial sobre Desarrollo Social cont\u00f3 con comentarios de Javiera Toro, Ministra de Desarrollo Social y Familia de Chile; Mark Franklin, Secretario permanente del Ministerio de Empoderamiento de las Personas y Asuntos de los Mayores en Barbados (virtual); Sophie De Smedt, Representante Permanente de B\u00e9lgica ante las Naciones Unidas (v\u00eda video), pa\u00eds que act\u00faa junto con Marruecos como facilitador de la Segunda Cumbre Mundial; y Bj\u00f8rg Sandkj\u00e6r, Subsecretaria General en el Departamento de Asuntos Econ\u00f3micos y Sociales de las Naciones Unidas.<\/p>\n<p>El Quinto Seminario Regional de Desarrollo Social de Am\u00e9rica Latina y el Caribe, que incluye charlas magistrales, mesas redondas, paneles y eventos paralelos, abordar\u00e1 temas como cohesi\u00f3n social; pobreza, hambre y desigualdad; inversi\u00f3n en la primera infancia; salud universal; transformaci\u00f3n digital, y protecci\u00f3n social e inclusi\u00f3n laboral, entre otros.<\/p>\n","protected":false},"excerpt":{"rendered":"<p>* Hoy se inaugur\u00f3 en Santiago, Chile, el Quinto Seminario Regional de Desarrollo Social de Am\u00e9rica Latina y el Caribe. Santiago de Chile.- Urge avanzar hacia un Pacto por el desarrollo social inclusivo en el mundo, no solo como imperativo moral sino tambi\u00e9n para garantizar el progreso econ\u00f3mico y la estabilidad de las sociedades, plante\u00f3 [&hellip;]<\/p>\n","protected":false},"author":2476,"featured_media":68772,"comment_status":"open","ping_status":"open","sticky":false,"template":"","format":"standard","meta":{"_jetpack_memberships_contains_paid_content":false,"footnotes":""},"categories":[13],"tags":[],"class_list":["post-68771","post","type-post","status-publish","format-standard","has-post-thumbnail","hentry","category-internacional"],"jetpack_featured_media_url":"https:\/\/encuentroinformativo.com.mx\/wp-content\/uploads\/2025\/06\/IMG_20250624_124342_1300_x_1080_pixel2.jpg","jetpack_sharing_enabled":true,"jetpack_likes_enabled":true,"amp_enabled":true,"_links":{"self":[{"href":"https:\/\/encuentroinformativo.com.mx\/index.php?rest_route=\/wp\/v2\/posts\/68771","targetHints":{"allow":["GET"]}}],"collection":[{"href":"https:\/\/encuentroinformativo.com.mx\/index.php?rest_route=\/wp\/v2\/posts"}],"about":[{"href":"https:\/\/encuentroinformativo.com.mx\/index.php?rest_route=\/wp\/v2\/types\/post"}],"author":[{"embeddable":true,"href":"https:\/\/encuentroinformativo.com.mx\/index.php?rest_route=\/wp\/v2\/users\/2476"}],"replies":[{"embeddable":true,"href":"https:\/\/encuentroinformativo.com.mx\/index.php?rest_route=%2Fwp%2Fv2%2Fcomments&post=68771"}],"version-history":[{"count":1,"href":"https:\/\/encuentroinformativo.com.mx\/index.php?rest_route=\/wp\/v2\/posts\/68771\/revisions"}],"predecessor-version":[{"id":68773,"href":"https:\/\/encuentroinformativo.com.mx\/index.php?rest_route=\/wp\/v2\/posts\/68771\/revisions\/68773"}],"wp:featuredmedia":[{"embeddable":true,"href":"https:\/\/encuentroinformativo.com.mx\/index.php?rest_route=\/wp\/v2\/media\/68772"}],"wp:attachment":[{"href":"https:\/\/encuentroinformativo.com.mx\/index.php?rest_route=%2Fwp%2Fv2%2Fmedia&parent=68771"}],"wp:term":[{"taxonomy":"category","embeddable":true,"href":"https:\/\/encuentroinformativo.com.mx\/index.php?rest_route=%2Fwp%2Fv2%2Fcategories&post=68771"},{"taxonomy":"post_tag","embeddable":true,"href":"https:\/\/encuentroinformativo.com.mx\/index.php?rest_route=%2Fwp%2Fv2%2Ftags&post=68771"}],"curies":[{"name":"wp","href":"https:\/\/api.w.org\/{rel}","templated":true}]}}