{"id":68774,"date":"2025-06-24T13:37:54","date_gmt":"2025-06-24T19:37:54","guid":{"rendered":"https:\/\/encuentroinformativo.com.mx\/?p=68774"},"modified":"2025-06-24T13:37:54","modified_gmt":"2025-06-24T19:37:54","slug":"buscan-hoteleros-que-poza-rica-se-convierta-en-sede-de-congresos-y-convenciones","status":"publish","type":"post","link":"https:\/\/encuentroinformativo.com.mx\/?p=68774","title":{"rendered":"Buscan hoteleros que Poza Rica se convierta en sede de Congresos y Convenciones"},"content":{"rendered":"<p><strong>Alejandro \u00c1vila<\/strong><\/p>\n<p>Veracruz, Ver.- La Asociaci\u00f3n de Hoteles y Moteles del Norte de Veracruz busca que el municipio de Poza Rica se convierta en una de las sedes de Congresos y Convenciones, se\u00f1al\u00f3 su titular Guillermo Salinas.<\/p>\n<p>El empresario hotelero mencion\u00f3 que la actual administraci\u00f3n municipal del alcalde, Fernando Remes Garza, nunca fueron tomados en cuenta con sus propuestas para mejorar las condiciones de los prestadores de servicio.<\/p>\n<p>&#8220;Tenemos una visi\u00f3n muy firme y es un proyecto que ya llevamos, digamos que la administraci\u00f3n actual no compart\u00eda nuestra visi\u00f3n en el sentido de desarrollar a Poza Rica como un destino de Congresos y Convenciones. Lo que estamos haciendo nosotros es, del turismo de negocios que ten\u00edamos a partir de la baja operaci\u00f3n de Pemex nos quedamos con mucha infraestructura hotelera. Entonces, que estamos haciendo nosotros, estamos mudando ese turismo de negocios a turismo de Congresos y Convenciones, el paso siguiente es desarrollar Poza Rica como una plaza de Congresos y Convenciones, y esto evidentemente va a generar algo positivo en toda la regi\u00f3n&#8221;, se\u00f1al\u00f3.<\/p>\n<p>En ese sentido, dijo que la reciente apertura de los vuelos Veracruz &#8211; Poza Rica y AIFA &#8211; Poza Rica, a trav\u00e9s de la empresa Aerus, puede atraer a un mayor n\u00famero de visitantes y beneficiar al sector hotelero en la ciudad y sus alrededores.<\/p>\n","protected":false},"excerpt":{"rendered":"<p>Alejandro \u00c1vila Veracruz, Ver.- La Asociaci\u00f3n de Hoteles y Moteles del Norte de Veracruz busca que el municipio de Poza Rica se convierta en una de las sedes de Congresos y Convenciones, se\u00f1al\u00f3 su titular Guillermo Salinas. El empresario hotelero mencion\u00f3 que la actual administraci\u00f3n municipal del alcalde, Fernando Remes Garza, nunca fueron tomados en [&hellip;]<\/p>\n","protected":false},"author":2476,"featured_media":68775,"comment_status":"open","ping_status":"open","sticky":false,"template":"","format":"standard","meta":{"_jetpack_memberships_contains_paid_content":false,"footnotes":""},"categories":[2],"tags":[],"class_list":["post-68774","post","type-post","status-publish","format-standard","has-post-thumbnail","hentry","category-estado"],"jetpack_featured_media_url":"https:\/\/encuentroinformativo.com.mx\/wp-content\/uploads\/2025\/06\/IMG-20250624-WA01452.jpg","jetpack_sharing_enabled":true,"jetpack_likes_enabled":true,"amp_enabled":true,"_links":{"self":[{"href":"https:\/\/encuentroinformativo.com.mx\/index.php?rest_route=\/wp\/v2\/posts\/68774","targetHints":{"allow":["GET"]}}],"collection":[{"href":"https:\/\/encuentroinformativo.com.mx\/index.php?rest_route=\/wp\/v2\/posts"}],"about":[{"href":"https:\/\/encuentroinformativo.com.mx\/index.php?rest_route=\/wp\/v2\/types\/post"}],"author":[{"embeddable":true,"href":"https:\/\/encuentroinformativo.com.mx\/index.php?rest_route=\/wp\/v2\/users\/2476"}],"replies":[{"embeddable":true,"href":"https:\/\/encuentroinformativo.com.mx\/index.php?rest_route=%2Fwp%2Fv2%2Fcomments&post=68774"}],"version-history":[{"count":1,"href":"https:\/\/encuentroinformativo.com.mx\/index.php?rest_route=\/wp\/v2\/posts\/68774\/revisions"}],"predecessor-version":[{"id":68776,"href":"https:\/\/encuentroinformativo.com.mx\/index.php?rest_route=\/wp\/v2\/posts\/68774\/revisions\/68776"}],"wp:featuredmedia":[{"embeddable":true,"href":"https:\/\/encuentroinformativo.com.mx\/index.php?rest_route=\/wp\/v2\/media\/68775"}],"wp:attachment":[{"href":"https:\/\/encuentroinformativo.com.mx\/index.php?rest_route=%2Fwp%2Fv2%2Fmedia&parent=68774"}],"wp:term":[{"taxonomy":"category","embeddable":true,"href":"https:\/\/encuentroinformativo.com.mx\/index.php?rest_route=%2Fwp%2Fv2%2Fcategories&post=68774"},{"taxonomy":"post_tag","embeddable":true,"href":"https:\/\/encuentroinformativo.com.mx\/index.php?rest_route=%2Fwp%2Fv2%2Ftags&post=68774"}],"curies":[{"name":"wp","href":"https:\/\/api.w.org\/{rel}","templated":true}]}}