{"id":68778,"date":"2025-06-24T13:51:21","date_gmt":"2025-06-24T19:51:21","guid":{"rendered":"https:\/\/encuentroinformativo.com.mx\/?p=68778"},"modified":"2025-06-24T13:51:21","modified_gmt":"2025-06-24T19:51:21","slug":"detectan-primer-caso-de-gusano-barrenador-en-minatitlan-ganaderos-en-alerta","status":"publish","type":"post","link":"https:\/\/encuentroinformativo.com.mx\/?p=68778","title":{"rendered":"Detectan primer caso de gusano barrenador en Minatitl\u00e1n; ganaderos en alerta"},"content":{"rendered":"<p><strong>Jos\u00e9 Vargas<\/strong><\/p>\n<p>Minatitl\u00e1n, Ver.- El primer caso confirmado de gusano barrenador ha sido detectado en el municipio de Minatitl\u00e1n, Veracruz, seg\u00fan inform\u00f3 el presidente de la Asociaci\u00f3n Ganadera Local, Jos\u00e9 \u00c1ngel Macedo Peralta, a trav\u00e9s de un video difundido en redes sociales.<\/p>\n<p>En su mensaje, el dirigente ganadero lanz\u00f3 una alerta preventiva a todos los productores de la regi\u00f3n, exhort\u00e1ndolos a mantenerse atentos y a aplicar las medidas de control necesarias para evitar una posible propagaci\u00f3n de este par\u00e1sito, que representa un grave riesgo sanitario para el hato ganadero local.<\/p>\n<p>Aunque en el video no se especifica el sitio exacto donde fue identificado el caso, Macedo Peralta subray\u00f3 la importancia de que los ganaderos reporten de inmediato cualquier indicio sospechoso ante la Asociaci\u00f3n Ganadera, con el fin de activar los protocolos de contenci\u00f3n y evitar mayores afectaciones.<\/p>\n<p>El gusano barrenador (Cochliomyia hominivorax) es una plaga peligrosa que ataca tanto al ganado como a otros animales de sangre caliente, causando heridas profundas y graves infecciones. Su presencia puede desencadenar importantes p\u00e9rdidas econ\u00f3micas en el sector pecuario si no se controla oportunamente.<\/p>\n<p>Hasta el momento, no se han emitido informes oficiales por parte de las autoridades sanitarias federales o estatales, sin embargo, la alerta temprana emitida por la Asociaci\u00f3n Ganadera ha encendido las alarmas en el sur de Veracruz, donde el sector ganadero es uno de los pilares econ\u00f3micos de la regi\u00f3n.<\/p>\n","protected":false},"excerpt":{"rendered":"<p>Jos\u00e9 Vargas Minatitl\u00e1n, Ver.- El primer caso confirmado de gusano barrenador ha sido detectado en el municipio de Minatitl\u00e1n, Veracruz, seg\u00fan inform\u00f3 el presidente de la Asociaci\u00f3n Ganadera Local, Jos\u00e9 \u00c1ngel Macedo Peralta, a trav\u00e9s de un video difundido en redes sociales. En su mensaje, el dirigente ganadero lanz\u00f3 una alerta preventiva a todos los [&hellip;]<\/p>\n","protected":false},"author":2476,"featured_media":68779,"comment_status":"open","ping_status":"open","sticky":false,"template":"","format":"standard","meta":{"_jetpack_memberships_contains_paid_content":false,"footnotes":""},"categories":[2],"tags":[],"class_list":["post-68778","post","type-post","status-publish","format-standard","has-post-thumbnail","hentry","category-estado"],"jetpack_featured_media_url":"https:\/\/encuentroinformativo.com.mx\/wp-content\/uploads\/2025\/06\/IMG-20250624-WA0125.jpg","jetpack_sharing_enabled":true,"jetpack_likes_enabled":true,"amp_enabled":true,"_links":{"self":[{"href":"https:\/\/encuentroinformativo.com.mx\/index.php?rest_route=\/wp\/v2\/posts\/68778","targetHints":{"allow":["GET"]}}],"collection":[{"href":"https:\/\/encuentroinformativo.com.mx\/index.php?rest_route=\/wp\/v2\/posts"}],"about":[{"href":"https:\/\/encuentroinformativo.com.mx\/index.php?rest_route=\/wp\/v2\/types\/post"}],"author":[{"embeddable":true,"href":"https:\/\/encuentroinformativo.com.mx\/index.php?rest_route=\/wp\/v2\/users\/2476"}],"replies":[{"embeddable":true,"href":"https:\/\/encuentroinformativo.com.mx\/index.php?rest_route=%2Fwp%2Fv2%2Fcomments&post=68778"}],"version-history":[{"count":1,"href":"https:\/\/encuentroinformativo.com.mx\/index.php?rest_route=\/wp\/v2\/posts\/68778\/revisions"}],"predecessor-version":[{"id":68780,"href":"https:\/\/encuentroinformativo.com.mx\/index.php?rest_route=\/wp\/v2\/posts\/68778\/revisions\/68780"}],"wp:featuredmedia":[{"embeddable":true,"href":"https:\/\/encuentroinformativo.com.mx\/index.php?rest_route=\/wp\/v2\/media\/68779"}],"wp:attachment":[{"href":"https:\/\/encuentroinformativo.com.mx\/index.php?rest_route=%2Fwp%2Fv2%2Fmedia&parent=68778"}],"wp:term":[{"taxonomy":"category","embeddable":true,"href":"https:\/\/encuentroinformativo.com.mx\/index.php?rest_route=%2Fwp%2Fv2%2Fcategories&post=68778"},{"taxonomy":"post_tag","embeddable":true,"href":"https:\/\/encuentroinformativo.com.mx\/index.php?rest_route=%2Fwp%2Fv2%2Ftags&post=68778"}],"curies":[{"name":"wp","href":"https:\/\/api.w.org\/{rel}","templated":true}]}}