{"id":6878,"date":"2020-10-14T08:45:55","date_gmt":"2020-10-14T13:45:55","guid":{"rendered":"https:\/\/encuentroinformativo.com.mx\/?p=6878"},"modified":"2020-10-14T08:45:58","modified_gmt":"2020-10-14T13:45:58","slug":"ivonne-polo-y-damara-tiktokeros","status":"publish","type":"post","link":"https:\/\/encuentroinformativo.com.mx\/?p=6878","title":{"rendered":"Ivonne, Polo y Damara, tiktokeros"},"content":{"rendered":"\n<p><strong>Los Pol\u00edticos<\/strong><\/p>\n\n\n\n<p><strong>Salvador Mu\u00f1oz<\/strong><\/p>\n\n\n\n<p>Al momento, sigo en Tik Tok a tres pol\u00edticos veracruzanos y no es porque sean los \u00fanicos que tengan cuenta, a lo mejor haya m\u00e1s, pero es probable que haya quienes las tienen cerradas o privadas\u2026 como en Instagram\u2026<\/p>\n\n\n\n<p>Las cuentas que sigo son de la diputada por Movimiento Ciudadano, Ivonne Trujillo Ortiz; el alcalde de Medell\u00edn, Polo Deschamps; y la regidora de Minatitl\u00e1n, Damara G\u00f3mez\u2026<\/p>\n\n\n\n<p>Cada uno de ellos tiene su forma de expresi\u00f3n aunque de cierto modo, tanto la legisladora como el de Medell\u00edn son muy parecidos en la edici\u00f3n de sus videos porque proyectan un elemento: la familia. Ivonne por lo regular, tanto en Instagram como en Tik Tok (sus redes m\u00e1s \u00edntimas por as\u00ed decirlo), nos permite asomarnos para ver momentos de ella con la peque\u00f1a Mila (Gotita de Agua, le digo a su hija), ya sea bailando o respondiendo preguntas, haciendo tareas.<\/p>\n\n\n\n<p>Por su parte, Polo Deschamps ha dejado en claro que tambi\u00e9n es padre de familia y al igual que Ivonne, se divierte con sus hijos grabando en el mismo tenor, aunque dicho sea de paso, el alcalde tiene m\u00e1s colaboradores en sus videos porque es evidente que s\u00ed ve las redes sociales, pero no ve la tele\u2026 \u00a1tiene cuatro chilpayates!: Lourdes, Emiliano, Tamara y Kiara. Bueno, a lo mejor eso del Tik Tok sea una estrategia de la se\u00f1ora y no del alcalde&#8230; para mantenerlo entretenido&#8230;<\/p>\n\n\n\n<p>En el caso de Damara, el estilo es totalmente diferente al de los anteriores citados. Se pudiera decir que ella apuesta m\u00e1s al Lip Sync (que es la ra\u00edz del Tik Tok: sincronizaci\u00f3n de los labios al ritmo de la letra de una canci\u00f3n, como si uno estuviera interpret\u00e1ndola). Agregue el gusto de la regidora (o rugidora, porque cuando se suelta el cabello, parece Le\u00f3n) por la m\u00fasica de Banda de la cual no soy muy ducho pero siendo sinceros, me obliga a buscar una o dos canciones que suenan agradables\u2026<\/p>\n\n\n\n<p>Hasta ac\u00e1, pudi\u00e9ramos decir que hablamos de tres pol\u00edticos, Ivonne, Polo y Damara, que tienen una red social que desde hace m\u00e1s de dos a\u00f1os causa furor no s\u00f3lo en China, India, Europa\u2026 igual ac\u00e1 en M\u00e9xico.<\/p>\n\n\n\n<p>Ahora, qu\u00e9 tanto ha afectado que Ivonne, Polo y Damara suban videos a Tik Tok en su labor, ya sea legislativa y gestor\u00eda o dentro de la administraci\u00f3n municipal\u2026 hablo de mi percepci\u00f3n, pues al final, cada quien tiene su opini\u00f3n: \u00a1en nada!<\/p>\n\n\n\n<p>Aunque s\u00f3lo es una legisladora la que tiene Movimiento Ciudadano en el Congreso local, pareciera una bancada completa: sus iniciativas no s\u00f3lo contemplan el distrito de Perote que representa, sino que abre el abanico con sus propuestas en aras de que sus beneficios alcancen a todos los veracruzanos\u2026 ahora, una cosa es lo que ella propone, y otra, lo que la \u201ccongeladora legislativa\u201d disponga\u2026 por otro lado, las labores de gestor\u00eda y apoyo no paran\u2026 de la Ceca a la Meca se la pasa en su distrito\u2026 o qu\u00e9 decir de su nuevo encargo, m\u00e1s que cargo: Mujeres en Movimiento dentro del partido MC\u2026<\/p>\n\n\n\n<p>En el caso de Polo Deschamps, tan s\u00f3lo en este periodo de pandemia, ha concentrado sus esfuerzos por atender a la poblaci\u00f3n vulnerable con el apoyo de despensas, sanitizaci\u00f3n y sin olvidar la parte medular de la administraci\u00f3n municipal: la obra p\u00fablica\u2026 por supuesto, habr\u00e1 a quien les guste o no su estilo de gobernar, pero dif\u00edcilmente se le puede se\u00f1alar por \u201cdejar de hacer\u201d&#8230;<\/p>\n\n\n\n<p>S\u00ed, Damara puede generar toda lo pol\u00e9mica que quiera en sus videos de Tik Tok, aunque mucho depende de los dedos de frente que tenga el que est\u00e9 frente a la pantalla (valga la redundancia)&#8230; si hay una regidora que ha puesto los puntos sobre las \u00edes a una administraci\u00f3n nebulosa, rara, absurda o rayando en la corrupci\u00f3n, como es el Ayuntamiento de Mina, es ella. Y no es con bravatas, insultos o descalificaciones, sino con documentos y argumentos\u2026 que las autoridades legislativas como los del Orfis se hagan \u201cpedazos\u201d, eso ya es otra historia, pero ello de ninguna manera mengua el papel de regidora de Damara. S\u00ed, la pueden juzgar por sus videos, por su Lip Sync, pero su trabajo se cuece aparte.<\/p>\n\n\n\n<p>\u00bfFuncionarios p\u00fablicos expuestos? \u00a1Claro! Cada uno de ellos, Ivonne, Polo y Damara, saben y entienden la relevancia de las redes sociales y cada quien las emplea como mejor les plazca\u2026 aunque es evidente que lo hacen por gusto\u2026 a sabiendas que los jueces de la moral y las buenas costumbres est\u00e1n prestos para llevarlos a juicio porque a\u00fan es inconcebible ver a un ente pol\u00edtico comport\u00e1ndose como usted, como yo, como todos\u2026 y eso en nuestra reducida concepci\u00f3n de pol\u00edtica, a\u00fan no se los permitimos.<\/p>\n\n\n\n<p><a href=\"mailto:smcainito@gmail.com\" target=\"_blank\" rel=\"noreferrer noopener\">smcainito@gmail.com<\/a><\/p>\n","protected":false},"excerpt":{"rendered":"<p>Los Pol\u00edticos Salvador Mu\u00f1oz Al momento, sigo en Tik Tok a tres pol\u00edticos veracruzanos y no es porque sean los \u00fanicos que tengan cuenta, a lo mejor haya m\u00e1s, pero es probable que haya quienes las tienen cerradas o privadas\u2026 como en Instagram\u2026 Las cuentas que sigo son de la diputada por Movimiento Ciudadano, Ivonne [&hellip;]<\/p>\n","protected":false},"author":1,"featured_media":387,"comment_status":"open","ping_status":"open","sticky":false,"template":"","format":"standard","meta":{"_jetpack_memberships_contains_paid_content":false,"footnotes":""},"categories":[11],"tags":[],"class_list":["post-6878","post","type-post","status-publish","format-standard","has-post-thumbnail","hentry","category-opinion"],"jetpack_featured_media_url":"https:\/\/encuentroinformativo.com.mx\/wp-content\/uploads\/2020\/03\/7CF8A22B-2764-47BE-8F7F-38FE9E5D6A2F.jpeg","jetpack_sharing_enabled":true,"jetpack_likes_enabled":true,"amp_enabled":true,"_links":{"self":[{"href":"https:\/\/encuentroinformativo.com.mx\/index.php?rest_route=\/wp\/v2\/posts\/6878","targetHints":{"allow":["GET"]}}],"collection":[{"href":"https:\/\/encuentroinformativo.com.mx\/index.php?rest_route=\/wp\/v2\/posts"}],"about":[{"href":"https:\/\/encuentroinformativo.com.mx\/index.php?rest_route=\/wp\/v2\/types\/post"}],"author":[{"embeddable":true,"href":"https:\/\/encuentroinformativo.com.mx\/index.php?rest_route=\/wp\/v2\/users\/1"}],"replies":[{"embeddable":true,"href":"https:\/\/encuentroinformativo.com.mx\/index.php?rest_route=%2Fwp%2Fv2%2Fcomments&post=6878"}],"version-history":[{"count":1,"href":"https:\/\/encuentroinformativo.com.mx\/index.php?rest_route=\/wp\/v2\/posts\/6878\/revisions"}],"predecessor-version":[{"id":6879,"href":"https:\/\/encuentroinformativo.com.mx\/index.php?rest_route=\/wp\/v2\/posts\/6878\/revisions\/6879"}],"wp:featuredmedia":[{"embeddable":true,"href":"https:\/\/encuentroinformativo.com.mx\/index.php?rest_route=\/wp\/v2\/media\/387"}],"wp:attachment":[{"href":"https:\/\/encuentroinformativo.com.mx\/index.php?rest_route=%2Fwp%2Fv2%2Fmedia&parent=6878"}],"wp:term":[{"taxonomy":"category","embeddable":true,"href":"https:\/\/encuentroinformativo.com.mx\/index.php?rest_route=%2Fwp%2Fv2%2Fcategories&post=6878"},{"taxonomy":"post_tag","embeddable":true,"href":"https:\/\/encuentroinformativo.com.mx\/index.php?rest_route=%2Fwp%2Fv2%2Ftags&post=6878"}],"curies":[{"name":"wp","href":"https:\/\/api.w.org\/{rel}","templated":true}]}}