{"id":68787,"date":"2025-06-24T14:13:24","date_gmt":"2025-06-24T20:13:24","guid":{"rendered":"https:\/\/encuentroinformativo.com.mx\/?p=68787"},"modified":"2025-06-24T15:14:19","modified_gmt":"2025-06-24T21:14:19","slug":"edicion-2025-del-tazon-carnaval-tambien-tendra-flag-football","status":"publish","type":"post","link":"https:\/\/encuentroinformativo.com.mx\/?p=68787","title":{"rendered":"Edici\u00f3n 2025 del Taz\u00f3n Carnaval tambi\u00e9n tendr\u00e1 Flag Football"},"content":{"rendered":"<p><strong>Alejandro \u00c1vila<\/strong><\/p>\n<p>Veracruz, Ver.- La edici\u00f3n 2025 del tradicional Taz\u00f3n Carnaval que disputa el equipo de Veracruz contra el de la Ciudad de M\u00e9xico, tendr\u00e1 la participaci\u00f3n por primera vez del Flag Football (Futb\u00f3l Bandera).<\/p>\n<p>En rueda de prensa, Miguel \u00c1ngel Galicia Villegas, Head Coach del Team Veracruz, record\u00f3 que el Taz\u00f3n Carnaval se realiza desde 1982, y cada a\u00f1o se ha ido consolidando como una tradici\u00f3n durante las festividades carnestolendas.<\/p>\n<p>El evento se llevar\u00e1 a cabo el pr\u00f3ximo s\u00e1bado 28 de junio en las instalaciones de Reino M\u00e1gico ubicado sobre la avenida Salvador D\u00edaz Mir\u00f3n en el municipio de Veracruz, donde adem\u00e1s, se tendr\u00e1 una zona de alimentos y bebidas para disfrutar de una tarde de f\u00fatbol americano en compa\u00f1\u00eda de la familia.<\/p>\n<p>&#8220;Ahora se suma el Flag Football, donde va a traer categor\u00edas como mixto, varonil y femenil (&#8230;) empieza a partir de las 2 de la tarde con femenil, a las 3 de la tarde varonil y a las 4 de la tarde mixto, posteriormente, el plato fuerte es el equipado que es a las 5 de la tarde contra el equipo de Team M\u00e9xico&#8221;, inform\u00f3.<\/p>\n","protected":false},"excerpt":{"rendered":"<p>Alejandro \u00c1vila Veracruz, Ver.- La edici\u00f3n 2025 del tradicional Taz\u00f3n Carnaval que disputa el equipo de Veracruz contra el de la Ciudad de M\u00e9xico, tendr\u00e1 la participaci\u00f3n por primera vez del Flag Football (Futb\u00f3l Bandera). En rueda de prensa, Miguel \u00c1ngel Galicia Villegas, Head Coach del Team Veracruz, record\u00f3 que el Taz\u00f3n Carnaval se realiza [&hellip;]<\/p>\n","protected":false},"author":2476,"featured_media":68788,"comment_status":"open","ping_status":"open","sticky":false,"template":"","format":"standard","meta":{"_jetpack_memberships_contains_paid_content":false,"footnotes":""},"categories":[2],"tags":[],"class_list":["post-68787","post","type-post","status-publish","format-standard","has-post-thumbnail","hentry","category-estado"],"jetpack_featured_media_url":"https:\/\/encuentroinformativo.com.mx\/wp-content\/uploads\/2025\/06\/IMG-20250624-WA0194.jpg","jetpack_sharing_enabled":true,"jetpack_likes_enabled":true,"amp_enabled":true,"_links":{"self":[{"href":"https:\/\/encuentroinformativo.com.mx\/index.php?rest_route=\/wp\/v2\/posts\/68787","targetHints":{"allow":["GET"]}}],"collection":[{"href":"https:\/\/encuentroinformativo.com.mx\/index.php?rest_route=\/wp\/v2\/posts"}],"about":[{"href":"https:\/\/encuentroinformativo.com.mx\/index.php?rest_route=\/wp\/v2\/types\/post"}],"author":[{"embeddable":true,"href":"https:\/\/encuentroinformativo.com.mx\/index.php?rest_route=\/wp\/v2\/users\/2476"}],"replies":[{"embeddable":true,"href":"https:\/\/encuentroinformativo.com.mx\/index.php?rest_route=%2Fwp%2Fv2%2Fcomments&post=68787"}],"version-history":[{"count":1,"href":"https:\/\/encuentroinformativo.com.mx\/index.php?rest_route=\/wp\/v2\/posts\/68787\/revisions"}],"predecessor-version":[{"id":68789,"href":"https:\/\/encuentroinformativo.com.mx\/index.php?rest_route=\/wp\/v2\/posts\/68787\/revisions\/68789"}],"wp:featuredmedia":[{"embeddable":true,"href":"https:\/\/encuentroinformativo.com.mx\/index.php?rest_route=\/wp\/v2\/media\/68788"}],"wp:attachment":[{"href":"https:\/\/encuentroinformativo.com.mx\/index.php?rest_route=%2Fwp%2Fv2%2Fmedia&parent=68787"}],"wp:term":[{"taxonomy":"category","embeddable":true,"href":"https:\/\/encuentroinformativo.com.mx\/index.php?rest_route=%2Fwp%2Fv2%2Fcategories&post=68787"},{"taxonomy":"post_tag","embeddable":true,"href":"https:\/\/encuentroinformativo.com.mx\/index.php?rest_route=%2Fwp%2Fv2%2Ftags&post=68787"}],"curies":[{"name":"wp","href":"https:\/\/api.w.org\/{rel}","templated":true}]}}