{"id":68790,"date":"2025-06-24T15:16:36","date_gmt":"2025-06-24T21:16:36","guid":{"rendered":"https:\/\/encuentroinformativo.com.mx\/?p=68790"},"modified":"2025-06-24T15:16:36","modified_gmt":"2025-06-24T21:16:36","slug":"inflacion-de-mexico-complica-apoyos-de-amanc-a-ninos-con-cancer","status":"publish","type":"post","link":"https:\/\/encuentroinformativo.com.mx\/?p=68790","title":{"rendered":"Inflaci\u00f3n de M\u00e9xico complica apoyos de AMANC a ni\u00f1os con c\u00e1ncer"},"content":{"rendered":"<p><strong>Alejandro \u00c1vila<\/strong><\/p>\n<p>Veracruz, Ver.- La inflaci\u00f3n que vive M\u00e9xico ha complicado los apoyos que se dan a los ni\u00f1os con c\u00e1ncer por parte de AMANC Veracruz, se\u00f1al\u00f3 su presidenta, Susana Lara Garc\u00eda.<\/p>\n<p>La encargada de la Asociaci\u00f3n Mexicana de Ayuda a Ni\u00f1os con C\u00e1ncer en la entidad veracruzana mencion\u00f3 que, el aumento de los alimentos, as\u00ed como del consumo de energ\u00eda el\u00e9ctrica y, sobre todo, los transportes, han tenido a la Asociaci\u00f3n con los gastos justos para el apoyo a los ni\u00f1os de sus familiares.<\/p>\n<p>En ese sentido mencion\u00f3 que, es importante que el Gobierno de Veracruz brinde el apoyo con los medicamentos oncol\u00f3gicos, pues as\u00ed AMANC reducir\u00edan gastos que normalmente hace al entregar apoyos en las zonas m\u00e1s vulnerables.<\/p>\n<p>&#8220;Necesitamos de los recursos y necesitamos el apoyo de la sociedad para seguir brindando ayuda y esperanza de vida a estos peque\u00f1os (&#8230;) var\u00eda dependiendo de la zona de donde venga, si vienen de la zona Sur que estamos hablando de que son 7 horas o 5 horas para que se transporte, el menor me cuesta al mes en puro transporte 9 mil pesos y, los que vienen de la zona norte hasta 12 mil&#8221;, expres\u00f3 Susana Lara.<\/p>\n","protected":false},"excerpt":{"rendered":"<p>Alejandro \u00c1vila Veracruz, Ver.- La inflaci\u00f3n que vive M\u00e9xico ha complicado los apoyos que se dan a los ni\u00f1os con c\u00e1ncer por parte de AMANC Veracruz, se\u00f1al\u00f3 su presidenta, Susana Lara Garc\u00eda. La encargada de la Asociaci\u00f3n Mexicana de Ayuda a Ni\u00f1os con C\u00e1ncer en la entidad veracruzana mencion\u00f3 que, el aumento de los alimentos, [&hellip;]<\/p>\n","protected":false},"author":2476,"featured_media":68791,"comment_status":"open","ping_status":"open","sticky":false,"template":"","format":"standard","meta":{"_jetpack_memberships_contains_paid_content":false,"footnotes":""},"categories":[9],"tags":[],"class_list":["post-68790","post","type-post","status-publish","format-standard","has-post-thumbnail","hentry","category-salud"],"jetpack_featured_media_url":"https:\/\/encuentroinformativo.com.mx\/wp-content\/uploads\/2025\/06\/IMG-20250624-WA0157.jpg","jetpack_sharing_enabled":true,"jetpack_likes_enabled":true,"amp_enabled":true,"_links":{"self":[{"href":"https:\/\/encuentroinformativo.com.mx\/index.php?rest_route=\/wp\/v2\/posts\/68790","targetHints":{"allow":["GET"]}}],"collection":[{"href":"https:\/\/encuentroinformativo.com.mx\/index.php?rest_route=\/wp\/v2\/posts"}],"about":[{"href":"https:\/\/encuentroinformativo.com.mx\/index.php?rest_route=\/wp\/v2\/types\/post"}],"author":[{"embeddable":true,"href":"https:\/\/encuentroinformativo.com.mx\/index.php?rest_route=\/wp\/v2\/users\/2476"}],"replies":[{"embeddable":true,"href":"https:\/\/encuentroinformativo.com.mx\/index.php?rest_route=%2Fwp%2Fv2%2Fcomments&post=68790"}],"version-history":[{"count":1,"href":"https:\/\/encuentroinformativo.com.mx\/index.php?rest_route=\/wp\/v2\/posts\/68790\/revisions"}],"predecessor-version":[{"id":68792,"href":"https:\/\/encuentroinformativo.com.mx\/index.php?rest_route=\/wp\/v2\/posts\/68790\/revisions\/68792"}],"wp:featuredmedia":[{"embeddable":true,"href":"https:\/\/encuentroinformativo.com.mx\/index.php?rest_route=\/wp\/v2\/media\/68791"}],"wp:attachment":[{"href":"https:\/\/encuentroinformativo.com.mx\/index.php?rest_route=%2Fwp%2Fv2%2Fmedia&parent=68790"}],"wp:term":[{"taxonomy":"category","embeddable":true,"href":"https:\/\/encuentroinformativo.com.mx\/index.php?rest_route=%2Fwp%2Fv2%2Fcategories&post=68790"},{"taxonomy":"post_tag","embeddable":true,"href":"https:\/\/encuentroinformativo.com.mx\/index.php?rest_route=%2Fwp%2Fv2%2Ftags&post=68790"}],"curies":[{"name":"wp","href":"https:\/\/api.w.org\/{rel}","templated":true}]}}