{"id":68799,"date":"2025-06-24T21:30:27","date_gmt":"2025-06-25T03:30:27","guid":{"rendered":"https:\/\/encuentroinformativo.com.mx\/?p=68799"},"modified":"2025-06-24T21:30:27","modified_gmt":"2025-06-25T03:30:27","slug":"por-pronostico-de-lluvias-modifican-actividades-del-carnaval-de-veracruz","status":"publish","type":"post","link":"https:\/\/encuentroinformativo.com.mx\/?p=68799","title":{"rendered":"Por pron\u00f3stico de lluvias, modifican actividades del Carnaval de Veracruz"},"content":{"rendered":"<p><strong>Alejandro \u00c1vila<\/strong><\/p>\n<p>Veracruz, Ver.- Debido a las intensas lluvias que se suscitar\u00e1n durante los pr\u00f3ximos d\u00edas, la alcaldesa de Veracruz, Patricia Lobeira Rodr\u00edguez, decidi\u00f3 cambiar las actividades del Carnaval de Veracruz.<\/p>\n<p>La presidenta municipal cit\u00f3 a una rueda de prensa express y tambi\u00e9n, a trav\u00e9s de sus redes sociales inform\u00f3 que, la coronaci\u00f3n de Adriana Fonseca y el resto de su Corte Real, as\u00ed como todos los conciertos masivos se realizar\u00e1n en el World Trade Center de Boca del R\u00edo.<\/p>\n<p>Es decir, el jueves 26 de junio se realizar\u00e1 el Desfile Infantil a las 5:30 de la tarde, del hotel Mar y Tierra a la escuela N\u00e1utica Mercante; posteriormente, a las 8:30 de la noche se realizar\u00e1 la Quema del Mal Humor en el Z\u00f3calo de la ciudad.<\/p>\n<p>El viernes 27 de junio la coronaci\u00f3n de la Corte Real iniciar\u00e1 a las 9 de la noche y el concierto de Juan Luis Guerra ser\u00e1 a las 9:30 de la noche; el s\u00e1bado el concierto de Manuel Turizo, y el domingo se presentar\u00e1n Los \u00c1ngeles Azules; todos los conciertos ser\u00e1n a las 9:30 de la noche en el World Trade Center.<\/p>\n<p>Finalmente, los desfiles de s\u00e1bado a martes iniciar\u00e1n una hora antes, es decir a las 5 de la tarde, para terminar antes de que inicien las lluvias que se tienen previstas por las noches.<\/p>\n","protected":false},"excerpt":{"rendered":"<p>Alejandro \u00c1vila Veracruz, Ver.- Debido a las intensas lluvias que se suscitar\u00e1n durante los pr\u00f3ximos d\u00edas, la alcaldesa de Veracruz, Patricia Lobeira Rodr\u00edguez, decidi\u00f3 cambiar las actividades del Carnaval de Veracruz. La presidenta municipal cit\u00f3 a una rueda de prensa express y tambi\u00e9n, a trav\u00e9s de sus redes sociales inform\u00f3 que, la coronaci\u00f3n de Adriana [&hellip;]<\/p>\n","protected":false},"author":2476,"featured_media":68800,"comment_status":"open","ping_status":"open","sticky":false,"template":"","format":"standard","meta":{"_jetpack_memberships_contains_paid_content":false,"footnotes":""},"categories":[2],"tags":[],"class_list":["post-68799","post","type-post","status-publish","format-standard","has-post-thumbnail","hentry","category-estado"],"jetpack_featured_media_url":"https:\/\/encuentroinformativo.com.mx\/wp-content\/uploads\/2025\/06\/IMG-20250624-WA03192.jpg","jetpack_sharing_enabled":true,"jetpack_likes_enabled":true,"amp_enabled":true,"_links":{"self":[{"href":"https:\/\/encuentroinformativo.com.mx\/index.php?rest_route=\/wp\/v2\/posts\/68799","targetHints":{"allow":["GET"]}}],"collection":[{"href":"https:\/\/encuentroinformativo.com.mx\/index.php?rest_route=\/wp\/v2\/posts"}],"about":[{"href":"https:\/\/encuentroinformativo.com.mx\/index.php?rest_route=\/wp\/v2\/types\/post"}],"author":[{"embeddable":true,"href":"https:\/\/encuentroinformativo.com.mx\/index.php?rest_route=\/wp\/v2\/users\/2476"}],"replies":[{"embeddable":true,"href":"https:\/\/encuentroinformativo.com.mx\/index.php?rest_route=%2Fwp%2Fv2%2Fcomments&post=68799"}],"version-history":[{"count":1,"href":"https:\/\/encuentroinformativo.com.mx\/index.php?rest_route=\/wp\/v2\/posts\/68799\/revisions"}],"predecessor-version":[{"id":68801,"href":"https:\/\/encuentroinformativo.com.mx\/index.php?rest_route=\/wp\/v2\/posts\/68799\/revisions\/68801"}],"wp:featuredmedia":[{"embeddable":true,"href":"https:\/\/encuentroinformativo.com.mx\/index.php?rest_route=\/wp\/v2\/media\/68800"}],"wp:attachment":[{"href":"https:\/\/encuentroinformativo.com.mx\/index.php?rest_route=%2Fwp%2Fv2%2Fmedia&parent=68799"}],"wp:term":[{"taxonomy":"category","embeddable":true,"href":"https:\/\/encuentroinformativo.com.mx\/index.php?rest_route=%2Fwp%2Fv2%2Fcategories&post=68799"},{"taxonomy":"post_tag","embeddable":true,"href":"https:\/\/encuentroinformativo.com.mx\/index.php?rest_route=%2Fwp%2Fv2%2Ftags&post=68799"}],"curies":[{"name":"wp","href":"https:\/\/api.w.org\/{rel}","templated":true}]}}