{"id":68809,"date":"2025-06-25T11:39:39","date_gmt":"2025-06-25T17:39:39","guid":{"rendered":"https:\/\/encuentroinformativo.com.mx\/?p=68809"},"modified":"2025-06-25T11:39:39","modified_gmt":"2025-06-25T17:39:39","slug":"gn-designa-al-nuevo-encargado-en-corredor-en-golfo-de-mexico","status":"publish","type":"post","link":"https:\/\/encuentroinformativo.com.mx\/?p=68809","title":{"rendered":"GN designa al nuevo encargado en corredor en Golfo de M\u00e9xico"},"content":{"rendered":"<p><strong>* Se busca evitar robo a transportistas.<\/strong><\/p>\n<p><strong>Alejandro \u00c1vila<\/strong><\/p>\n<p>Veracruz, Ver.- La Guardia Nacional design\u00f3 a un nuevo encargado para cuidar el corredor del Golfo de M\u00e9xico y evitar el robo a las unidades de transporte de carga, mencion\u00f3 Miguelina L\u00f3pez Hern\u00e1ndez, presidenta de Canacar Veracruz.<\/p>\n<p>&#8220;Hemos tenido mucha buena respuesta por parte de Guardia Nacional se nos est\u00e1 apoyando constantemente, actualmente se asign\u00f3 un titular para lo que es el Golfo de M\u00e9xico, que incluye Tamaulipas, Veracruz, Tabasco, para ese corredor, el General Murillo de la Guardia Nacional y est\u00e1n haci\u00e9ndose bastantes campa\u00f1as en ese corredor para evitar la inseguridad&#8221;<\/p>\n<p>La empresaria transportista record\u00f3 que los puntos con mayor conflicto contin\u00faan siendo el Estado de M\u00e9xico, Puebla y una parte de Tlaxcala, en cuanto intervenci\u00f3n y robo de unidades.<\/p>\n<p>&#8220;Se mantienen los puntos actuales, los cuales ya deber\u00edan de estar abatidos si sabemos donde est\u00e1n, pero desafortunadamente el hecho de que haya compradores para este tipo de productos sigue generando la demanda de que haya este tipo de incidentes&#8221;, subray\u00f3.<\/p>\n","protected":false},"excerpt":{"rendered":"<p>* Se busca evitar robo a transportistas. Alejandro \u00c1vila Veracruz, Ver.- La Guardia Nacional design\u00f3 a un nuevo encargado para cuidar el corredor del Golfo de M\u00e9xico y evitar el robo a las unidades de transporte de carga, mencion\u00f3 Miguelina L\u00f3pez Hern\u00e1ndez, presidenta de Canacar Veracruz. &#8220;Hemos tenido mucha buena respuesta por parte de Guardia [&hellip;]<\/p>\n","protected":false},"author":2476,"featured_media":68810,"comment_status":"open","ping_status":"open","sticky":false,"template":"","format":"standard","meta":{"_jetpack_memberships_contains_paid_content":false,"footnotes":""},"categories":[2],"tags":[],"class_list":["post-68809","post","type-post","status-publish","format-standard","has-post-thumbnail","hentry","category-estado"],"jetpack_featured_media_url":"https:\/\/encuentroinformativo.com.mx\/wp-content\/uploads\/2025\/06\/IMG-20250625-WA00242.jpg","jetpack_sharing_enabled":true,"jetpack_likes_enabled":true,"amp_enabled":true,"_links":{"self":[{"href":"https:\/\/encuentroinformativo.com.mx\/index.php?rest_route=\/wp\/v2\/posts\/68809","targetHints":{"allow":["GET"]}}],"collection":[{"href":"https:\/\/encuentroinformativo.com.mx\/index.php?rest_route=\/wp\/v2\/posts"}],"about":[{"href":"https:\/\/encuentroinformativo.com.mx\/index.php?rest_route=\/wp\/v2\/types\/post"}],"author":[{"embeddable":true,"href":"https:\/\/encuentroinformativo.com.mx\/index.php?rest_route=\/wp\/v2\/users\/2476"}],"replies":[{"embeddable":true,"href":"https:\/\/encuentroinformativo.com.mx\/index.php?rest_route=%2Fwp%2Fv2%2Fcomments&post=68809"}],"version-history":[{"count":1,"href":"https:\/\/encuentroinformativo.com.mx\/index.php?rest_route=\/wp\/v2\/posts\/68809\/revisions"}],"predecessor-version":[{"id":68811,"href":"https:\/\/encuentroinformativo.com.mx\/index.php?rest_route=\/wp\/v2\/posts\/68809\/revisions\/68811"}],"wp:featuredmedia":[{"embeddable":true,"href":"https:\/\/encuentroinformativo.com.mx\/index.php?rest_route=\/wp\/v2\/media\/68810"}],"wp:attachment":[{"href":"https:\/\/encuentroinformativo.com.mx\/index.php?rest_route=%2Fwp%2Fv2%2Fmedia&parent=68809"}],"wp:term":[{"taxonomy":"category","embeddable":true,"href":"https:\/\/encuentroinformativo.com.mx\/index.php?rest_route=%2Fwp%2Fv2%2Fcategories&post=68809"},{"taxonomy":"post_tag","embeddable":true,"href":"https:\/\/encuentroinformativo.com.mx\/index.php?rest_route=%2Fwp%2Fv2%2Ftags&post=68809"}],"curies":[{"name":"wp","href":"https:\/\/api.w.org\/{rel}","templated":true}]}}