{"id":68812,"date":"2025-06-25T12:35:12","date_gmt":"2025-06-25T18:35:12","guid":{"rendered":"https:\/\/encuentroinformativo.com.mx\/?p=68812"},"modified":"2025-06-25T12:35:12","modified_gmt":"2025-06-25T18:35:12","slug":"derrama-economica-de-carnaval-se-trasladara-a-boca-del-rio-canirac","status":"publish","type":"post","link":"https:\/\/encuentroinformativo.com.mx\/?p=68812","title":{"rendered":"Derrama econ\u00f3mica de Carnaval se trasladar\u00e1 a Boca del R\u00edo: CANIRAC\u00a0"},"content":{"rendered":"<p><strong>Alejandro \u00c1vila<\/strong><\/p>\n<p>Veracruz, Ver.- Debido a los cambios de sede de los conciertos masivos del Carnaval de Veracruz, parte de la derrama econ\u00f3mica que normalmente se registraba en el municipio de Veracruz se trasladar\u00e1 a Boca del R\u00edo, se\u00f1al\u00f3 la presidenta de Canirac, Abigail Guzm\u00e1n Hern\u00e1ndez.<\/p>\n<p>Cabe recordar que debido a la alta probabilidad de lluvias por las noches, la alcaldesa, Patricia Lobeira, decidi\u00f3 cambiar los conciertos masivos que se iban a realizar en la Macro Plaza del Malec\u00f3n y trasladarlos al World Trade Center de Boca del R\u00edo.<\/p>\n<p>En ese sentido, la empresaria restaurantera dijo que esto disminuir\u00e1 el registro de ventas que normalmente tienen los comercios del primer cuadro de la ciudad de Veracruz.<\/p>\n<p>&#8220;Normalmente cuando es en la Macroplaza los restaurantes que est\u00e1n en el centro hist\u00f3rico, muchos restaurantes chiquitos que est\u00e1n ah\u00ed son los que se ven beneficiados, en este caso al salir del World Trade Center pues ser\u00e1n los restaurantes en Boca del R\u00edo&#8221;, expres\u00f3.<\/p>\n<p>La festividad del Carnaval de Veracruz deja un aumento en la derrama econ\u00f3mica, de entre el 20 y 30 por ciento en ambos municipios, se\u00f1al\u00f3 Abigail Guzm\u00e1n.<\/p>\n","protected":false},"excerpt":{"rendered":"<p>Alejandro \u00c1vila Veracruz, Ver.- Debido a los cambios de sede de los conciertos masivos del Carnaval de Veracruz, parte de la derrama econ\u00f3mica que normalmente se registraba en el municipio de Veracruz se trasladar\u00e1 a Boca del R\u00edo, se\u00f1al\u00f3 la presidenta de Canirac, Abigail Guzm\u00e1n Hern\u00e1ndez. Cabe recordar que debido a la alta probabilidad de [&hellip;]<\/p>\n","protected":false},"author":2476,"featured_media":68813,"comment_status":"open","ping_status":"open","sticky":false,"template":"","format":"standard","meta":{"_jetpack_memberships_contains_paid_content":false,"footnotes":""},"categories":[2],"tags":[],"class_list":["post-68812","post","type-post","status-publish","format-standard","has-post-thumbnail","hentry","category-estado"],"jetpack_featured_media_url":"https:\/\/encuentroinformativo.com.mx\/wp-content\/uploads\/2025\/06\/IMG-20250625-WA0031.jpg","jetpack_sharing_enabled":true,"jetpack_likes_enabled":true,"amp_enabled":true,"_links":{"self":[{"href":"https:\/\/encuentroinformativo.com.mx\/index.php?rest_route=\/wp\/v2\/posts\/68812","targetHints":{"allow":["GET"]}}],"collection":[{"href":"https:\/\/encuentroinformativo.com.mx\/index.php?rest_route=\/wp\/v2\/posts"}],"about":[{"href":"https:\/\/encuentroinformativo.com.mx\/index.php?rest_route=\/wp\/v2\/types\/post"}],"author":[{"embeddable":true,"href":"https:\/\/encuentroinformativo.com.mx\/index.php?rest_route=\/wp\/v2\/users\/2476"}],"replies":[{"embeddable":true,"href":"https:\/\/encuentroinformativo.com.mx\/index.php?rest_route=%2Fwp%2Fv2%2Fcomments&post=68812"}],"version-history":[{"count":1,"href":"https:\/\/encuentroinformativo.com.mx\/index.php?rest_route=\/wp\/v2\/posts\/68812\/revisions"}],"predecessor-version":[{"id":68814,"href":"https:\/\/encuentroinformativo.com.mx\/index.php?rest_route=\/wp\/v2\/posts\/68812\/revisions\/68814"}],"wp:featuredmedia":[{"embeddable":true,"href":"https:\/\/encuentroinformativo.com.mx\/index.php?rest_route=\/wp\/v2\/media\/68813"}],"wp:attachment":[{"href":"https:\/\/encuentroinformativo.com.mx\/index.php?rest_route=%2Fwp%2Fv2%2Fmedia&parent=68812"}],"wp:term":[{"taxonomy":"category","embeddable":true,"href":"https:\/\/encuentroinformativo.com.mx\/index.php?rest_route=%2Fwp%2Fv2%2Fcategories&post=68812"},{"taxonomy":"post_tag","embeddable":true,"href":"https:\/\/encuentroinformativo.com.mx\/index.php?rest_route=%2Fwp%2Fv2%2Ftags&post=68812"}],"curies":[{"name":"wp","href":"https:\/\/api.w.org\/{rel}","templated":true}]}}