{"id":68818,"date":"2025-06-25T13:25:29","date_gmt":"2025-06-25T19:25:29","guid":{"rendered":"https:\/\/encuentroinformativo.com.mx\/?p=68818"},"modified":"2025-06-25T13:25:29","modified_gmt":"2025-06-25T19:25:29","slug":"por-lluvias-mantiene-dif-espacios-listos-para-albergues","status":"publish","type":"post","link":"https:\/\/encuentroinformativo.com.mx\/?p=68818","title":{"rendered":"Por lluvias, mantiene DIF espacios listos para albergues"},"content":{"rendered":"<p><strong>Dar\u00edo Pale<\/strong><\/p>\n<p>Xalapa, Ver.- El Director del DIF municipal de Xalapa, Alejandro del \u00c1ngel Aguilar dio a conocer que, est\u00e1n atentos las 24 horas del d\u00eda, tienen para la instalaci\u00f3n r\u00e1pida los albergues en el centro comunitario Plan de Ayala y el centro comunitario Arroyo Blanco.<\/p>\n<p>Est\u00e1n participando en las actividades que el presidente municipal encabeza y liderea a trav\u00e9s del Comit\u00e9 Permanente de Protecci\u00f3n Civil Municipal, y \u00e9l nos ha establecido funciones muy espec\u00edficas, en el caso del DIF, estamos atentos todas las 24 horas ante la necesidad de poder instalar albergues.<\/p>\n<p>\u201cFormalmente tenemos uno que se instala muy r\u00e1pido, que es el del DMC, lo instalamos en 20 minutos, est\u00e1 en capacidad de admitir eh familias que puedan este necesitarlo, pero tambi\u00e9n nos ha instruido a estar listos ante la posibilidad de instalar albergues que est\u00e9n cercanos a las zonas que puedan afectarse, particularmente tenemos en la en la mira el centro comunitario Plan de Ayala y el centro comunitario Arroyo Blanco, estos dos lugares los tenemos tambi\u00e9n disponibles, listos para que junto con la Direcci\u00f3n de Desarrollo Social podamos instalar albergues tambi\u00e9n\u201d, coment\u00f3.<\/p>\n<p>\u201cEn caso necesario tambi\u00e9n para si las familias se afectan y Protecci\u00f3n Civil nos indica la necesidad, tenemos algunos insumos como algunas l\u00e1minas, por ejemplo, que podemos ayudar para reconstruir alguna vivienda en esa situaci\u00f3n\u201d, agreg\u00f3.<\/p>\n<p>Dio a conocer que hasta el momento no ha habido la necesidad ha habido varias familias que han debido ser desalojadas de sus viviendas, pero se han podido irse con alguna familia y no ha sido necesario habilitar alg\u00fan albergue.<\/p>\n<p>Finalmente dio a conocer que, \u201chasta donde s\u00e9 han sido siete, una docena de familias que han requerido desalojar y que han ido con alg\u00fan familiar, esta informaci\u00f3n particularmente la tiene precisa la Direcci\u00f3n de Protecci\u00f3n Civil\u2026., desde luego de la zona sur de la ciudad\u201d.<\/p>\n","protected":false},"excerpt":{"rendered":"<p>Dar\u00edo Pale Xalapa, Ver.- El Director del DIF municipal de Xalapa, Alejandro del \u00c1ngel Aguilar dio a conocer que, est\u00e1n atentos las 24 horas del d\u00eda, tienen para la instalaci\u00f3n r\u00e1pida los albergues en el centro comunitario Plan de Ayala y el centro comunitario Arroyo Blanco. Est\u00e1n participando en las actividades que el presidente municipal [&hellip;]<\/p>\n","protected":false},"author":2476,"featured_media":68819,"comment_status":"open","ping_status":"open","sticky":false,"template":"","format":"standard","meta":{"_jetpack_memberships_contains_paid_content":false,"footnotes":""},"categories":[3],"tags":[],"class_list":["post-68818","post","type-post","status-publish","format-standard","has-post-thumbnail","hentry","category-xalapa"],"jetpack_featured_media_url":"https:\/\/encuentroinformativo.com.mx\/wp-content\/uploads\/2025\/06\/IMG-20250625-WA0167.jpg","jetpack_sharing_enabled":true,"jetpack_likes_enabled":true,"amp_enabled":true,"_links":{"self":[{"href":"https:\/\/encuentroinformativo.com.mx\/index.php?rest_route=\/wp\/v2\/posts\/68818","targetHints":{"allow":["GET"]}}],"collection":[{"href":"https:\/\/encuentroinformativo.com.mx\/index.php?rest_route=\/wp\/v2\/posts"}],"about":[{"href":"https:\/\/encuentroinformativo.com.mx\/index.php?rest_route=\/wp\/v2\/types\/post"}],"author":[{"embeddable":true,"href":"https:\/\/encuentroinformativo.com.mx\/index.php?rest_route=\/wp\/v2\/users\/2476"}],"replies":[{"embeddable":true,"href":"https:\/\/encuentroinformativo.com.mx\/index.php?rest_route=%2Fwp%2Fv2%2Fcomments&post=68818"}],"version-history":[{"count":1,"href":"https:\/\/encuentroinformativo.com.mx\/index.php?rest_route=\/wp\/v2\/posts\/68818\/revisions"}],"predecessor-version":[{"id":68820,"href":"https:\/\/encuentroinformativo.com.mx\/index.php?rest_route=\/wp\/v2\/posts\/68818\/revisions\/68820"}],"wp:featuredmedia":[{"embeddable":true,"href":"https:\/\/encuentroinformativo.com.mx\/index.php?rest_route=\/wp\/v2\/media\/68819"}],"wp:attachment":[{"href":"https:\/\/encuentroinformativo.com.mx\/index.php?rest_route=%2Fwp%2Fv2%2Fmedia&parent=68818"}],"wp:term":[{"taxonomy":"category","embeddable":true,"href":"https:\/\/encuentroinformativo.com.mx\/index.php?rest_route=%2Fwp%2Fv2%2Fcategories&post=68818"},{"taxonomy":"post_tag","embeddable":true,"href":"https:\/\/encuentroinformativo.com.mx\/index.php?rest_route=%2Fwp%2Fv2%2Ftags&post=68818"}],"curies":[{"name":"wp","href":"https:\/\/api.w.org\/{rel}","templated":true}]}}