{"id":68821,"date":"2025-06-25T13:36:27","date_gmt":"2025-06-25T19:36:27","guid":{"rendered":"https:\/\/encuentroinformativo.com.mx\/?p=68821"},"modified":"2025-06-25T13:36:27","modified_gmt":"2025-06-25T19:36:27","slug":"localizan-sin-vida-a-trabajador-de-la-ceapp","status":"publish","type":"post","link":"https:\/\/encuentroinformativo.com.mx\/?p=68821","title":{"rendered":"Localizan sin vida a trabajador de la CEAPP"},"content":{"rendered":"<p><strong>Dar\u00edo Pale<\/strong><\/p>\n<p>Xalapa, Ver.- En Banderilla hallan el cuerpo de un empleado de la Comisi\u00f3n Estatal para la Atenci\u00f3n y Protecci\u00f3n de los Periodistas (CEAPP), Jos\u00e9 Antonio N, fue localizado en su domicilio de la colonia Salvador D\u00edaz Mir\u00f3n.<\/p>\n<p>El cuerpo fue localizado dentro de un domicilio ubicado en la calle Fructuoso Hern\u00e1ndez, lo que ha generado consternaci\u00f3n y desconcierto tanto entre vecinos como entre colegas del medio period\u00edstico.<\/p>\n<p>Seg\u00fan versiones extraoficiales, la noche anterior Jos\u00e9 Antonio habr\u00eda asistido a un centro nocturno y posteriormente regresado al inmueble acompa\u00f1ado de varias personas para continuar la convivencia. Durante la madrugada, presuntamente perdi\u00f3 el conocimiento, y quienes estaban con \u00e9l optaron por abandonar el lugar sin dar aviso inmediato a las autoridades.<\/p>\n<p>Elementos de la Polic\u00eda Ministerial iniciaron las investigaciones correspondientes en la ciudad de Banderilla para deslindar responsabilidades, en tanto que peritos de la Fiscal\u00eda General del Estado realizaron el levantamiento del cuerpo para determinar las causas y la hora del fallecimiento del proyectista de la CEAPP.<\/p>\n<p>A trav\u00e9s de un comunicado, ese organismo de defensor\u00eda de periodistas, confirm\u00f3 la muerte del proyectista Jos\u00e9 Antonio Miranda Garc\u00eda ocurrido la madrugada de este mi\u00e9rcoles.<\/p>\n<p>&#8220;Desde la CEAPP expresamos nuestras m\u00e1s sinceras condolencias a sus familiares, amistades y colegas, reconociendo su trayectoria y compromiso con los derechos humanos y la labor period\u00edstica en Veracruz.&#8221;<\/p>\n<p>Asimismo se informa que, hasta el momento, no existe evidencia, ni constancia que apunte que su deceso est\u00e9 relacionado con la labor que desempe\u00f1aba en esta Comisi\u00f3n.<\/p>\n<p>La CEAPP exhorta a las autoridades correspondientes a realizar las investigaciones necesarias para dar con los responsables de este lamentable hecho.<\/p>\n<p>Entre las l\u00edneas de investigaci\u00f3n tambi\u00e9n ha surgido una versi\u00f3n no confirmada que se\u00f1ala que pudo haber sido v\u00edctima de una intoxicaci\u00f3n provocada por una gotera, aunque esto deber\u00e1 ser esclarecido por los ex\u00e1menes forenses.<\/p>\n<p>Este lamentable hecho ha conmocionado a trabajadores de la CEAPP y miembros del gremio period\u00edstico, quienes han exigido transparencia en el proceso y un pronto esclarecimiento de los hechos.<\/p>\n","protected":false},"excerpt":{"rendered":"<p>Dar\u00edo Pale Xalapa, Ver.- En Banderilla hallan el cuerpo de un empleado de la Comisi\u00f3n Estatal para la Atenci\u00f3n y Protecci\u00f3n de los Periodistas (CEAPP), Jos\u00e9 Antonio N, fue localizado en su domicilio de la colonia Salvador D\u00edaz Mir\u00f3n. El cuerpo fue localizado dentro de un domicilio ubicado en la calle Fructuoso Hern\u00e1ndez, lo que [&hellip;]<\/p>\n","protected":false},"author":2476,"featured_media":68824,"comment_status":"open","ping_status":"open","sticky":false,"template":"","format":"standard","meta":{"_jetpack_memberships_contains_paid_content":false,"footnotes":""},"categories":[8],"tags":[],"class_list":["post-68821","post","type-post","status-publish","format-standard","has-post-thumbnail","hentry","category-region"],"jetpack_featured_media_url":"https:\/\/encuentroinformativo.com.mx\/wp-content\/uploads\/2025\/06\/IMG-20250625-WA01752.jpg","jetpack_sharing_enabled":true,"jetpack_likes_enabled":true,"amp_enabled":true,"_links":{"self":[{"href":"https:\/\/encuentroinformativo.com.mx\/index.php?rest_route=\/wp\/v2\/posts\/68821","targetHints":{"allow":["GET"]}}],"collection":[{"href":"https:\/\/encuentroinformativo.com.mx\/index.php?rest_route=\/wp\/v2\/posts"}],"about":[{"href":"https:\/\/encuentroinformativo.com.mx\/index.php?rest_route=\/wp\/v2\/types\/post"}],"author":[{"embeddable":true,"href":"https:\/\/encuentroinformativo.com.mx\/index.php?rest_route=\/wp\/v2\/users\/2476"}],"replies":[{"embeddable":true,"href":"https:\/\/encuentroinformativo.com.mx\/index.php?rest_route=%2Fwp%2Fv2%2Fcomments&post=68821"}],"version-history":[{"count":1,"href":"https:\/\/encuentroinformativo.com.mx\/index.php?rest_route=\/wp\/v2\/posts\/68821\/revisions"}],"predecessor-version":[{"id":68823,"href":"https:\/\/encuentroinformativo.com.mx\/index.php?rest_route=\/wp\/v2\/posts\/68821\/revisions\/68823"}],"wp:featuredmedia":[{"embeddable":true,"href":"https:\/\/encuentroinformativo.com.mx\/index.php?rest_route=\/wp\/v2\/media\/68824"}],"wp:attachment":[{"href":"https:\/\/encuentroinformativo.com.mx\/index.php?rest_route=%2Fwp%2Fv2%2Fmedia&parent=68821"}],"wp:term":[{"taxonomy":"category","embeddable":true,"href":"https:\/\/encuentroinformativo.com.mx\/index.php?rest_route=%2Fwp%2Fv2%2Fcategories&post=68821"},{"taxonomy":"post_tag","embeddable":true,"href":"https:\/\/encuentroinformativo.com.mx\/index.php?rest_route=%2Fwp%2Fv2%2Ftags&post=68821"}],"curies":[{"name":"wp","href":"https:\/\/api.w.org\/{rel}","templated":true}]}}