{"id":68825,"date":"2025-06-25T15:19:17","date_gmt":"2025-06-25T21:19:17","guid":{"rendered":"https:\/\/encuentroinformativo.com.mx\/?p=68825"},"modified":"2025-06-25T15:19:17","modified_gmt":"2025-06-25T21:19:17","slug":"con-marcha-rechazan-academicos-y-estudiantes-prorroga-del-rector-martin-aguilar","status":"publish","type":"post","link":"https:\/\/encuentroinformativo.com.mx\/?p=68825","title":{"rendered":"Con marcha, rechazan acad\u00e9micos y estudiantes pr\u00f3rroga del rector Mart\u00edn Aguilar"},"content":{"rendered":"<p><strong>Dar\u00edo Pale<\/strong><\/p>\n<p>Xalapa, Ver.- Miembros de la comunidad universitaria se manifestaron en rector\u00eda y marcharon por las principales calles de la ciudad, para manifestar su inconformidad por la pr\u00f3rroga que otorgaron al rector de la Universidad Veracruzana Mart\u00edn Aguilar S\u00e1nchez.<\/p>\n<p>Durante la manifestaci\u00f3n realizaron varios pronunciamientos tanto catedr\u00e1ticos como de estudiantes, donde uno de ellos coment\u00f3 que el actual rector no los ha apoyado en nada, \u201cnos ha hecho a un lado, ahorita en cuesti\u00f3n de inclusi\u00f3n y discapacidad, a ver, \u00bfd\u00f3nde est\u00e1n las personas con discapacidad? Yo estoy aqu\u00ed y estoy en la Universidad Veracruzana\u201d.<\/p>\n<p>\u201cSomos 13 sordos aqu\u00ed estudiando en la Universidad Veracruzana y durante mucho tiempo nos hemos esforzado para seguir, pero no nos han dado atenci\u00f3n, no nos han dado apoyo a ver d\u00f3nde est\u00e1n los int\u00e9rpretes que nos apoyan. \u00bfD\u00f3nde est\u00e1n los estudiantes? \u00bfD\u00f3nde est\u00e1n los maestros?, no nos prestan atenci\u00f3n, yo no puedo escuchar, yo tengo un implante auditivo, un implante coclear\u201d, coment\u00f3.<\/p>\n<p>Otro de los presentes coment\u00f3 que, \u201centendemos que todos son personas honorables y \u00e9ticas, al menos ese es requisito que se establece para ser miembro de la junta, esperamos que conforme a eso act\u00faen en consecuencia y que el proyecto que present\u00f3 el Dr. Mart\u00edn pueda ser confrontado con otros proyectos que tambi\u00e9n tienen la oportunidad de presentar una alternativa para nuestra universidad y para la sociedad veracruzana\u201d.<\/p>\n<p>Dijeron que no est\u00e1n exigiendo algo que est\u00e9 fuera de la Ley est\u00e1n pidiendo como universitarios, que la sociedad de Veracruz y de M\u00e9xico escuche la actuaci\u00f3n de la Junta de Gobierno la cual fue incorrecta, pero tienen la oportunidad de resarcir ese error y publicar una convocatoria, eliminar la pr\u00f3rroga y abrir ese proceso para que los universitarios participen de<br \/>\nmanera activa.<\/p>\n<p>Acusaron el actual rector ha estado cayendo en el subejercicio a\u00f1o con a\u00f1o con m\u00e1s de 2000 millones de pesos, que es el dinero que les corresponde a todos los universitarios que trabajan y que bajo el argumento de que no hay dinero no los contratan, como a los j\u00f3venes no les dan beca, como tambi\u00e9n le cierran los grupos a los estudiantes, ocasionando que tarden m\u00e1s semestres en salir porque no hay dinero para contratar a los maestros y los que son investigadores no les dan para publicar libros, ni siquiera para hacer estancias.<\/p>\n<p>\u201cYo no s\u00e9 si est\u00e1 yendo a parar a las manos de gentes ajenas a la universidad, pero por ello exijo que haya una auditor\u00eda, una auditor\u00eda profunda a los recursos que ha estado manejando la universidad, que haya una auditor\u00eda de la Federaci\u00f3n y tambi\u00e9n del ORFIS, pero a fondo y se exponga p\u00fablicamente los resultados, porque presumo que la intenci\u00f3n de permanecer aqu\u00ed en la rector\u00eda es por el temor de ir a la c\u00e1rcel\u201d, acus\u00f3.<\/p>\n<p>Posteriormente dieron lectura a un comunicado donde se\u00f1alan lo siguiente, \u201cnos hemos reunido esta ma\u00f1ana no solo para alzar la voz y hacer patente nuestra protesta, sino para evidenciar nuestro repudio frente a un acto que vulnera la estructura legal, moral y aut\u00f3noma de nuestra Universidad Veracruzana\u201d.<\/p>\n<p>La pr\u00f3rroga diligentemente obsequiada al actual rector por parte de la Junta de Gobierno no solo sorprende por su contenido, sino que alarma por la forma prosaica en que fue ejecutada, la Ley Org\u00e1nica de la Universidad Veracruzana, la Ley de Autonom\u00eda y el propio reglamento de la Junta de de Gobierno son disposiciones claras.<\/p>\n<p>El procedimiento para designar a la persona titular de la rector\u00eda est\u00e1 debidamente normados, no existe en ninguna de ellas la figura de una autom\u00e1tica o discrecional, sin embargo, la junta de gobierno actu\u00f3 fuera del marco legal sin tener competencias para ello.<\/p>\n<p>Realiz\u00f3 una interpretaci\u00f3n a modo sesgada y desde luego ilegal. Es grave el resultado como el precedente que sienta.<\/p>\n<p>Inventar un mecanismo ajeno al marco jur\u00eddico adem\u00e1s de viciado por por el acarreo, la intimidaci\u00f3n y la coacci\u00f3n atenta contra el derecho de la comunidad de un de la comunidad universitaria para conocer diversas visiones de universidad. Asimismo, contra la autonom\u00eda que tanto nos cost\u00f3 conseguir y tanto nos ha costado preservar.<\/p>\n<p>Si hoy aceptamos una imposici\u00f3n y esta ilegalidad, ma\u00f1ana cualquier norma podr\u00e1 ser ignorada, interpretada o aplicada a modo. Hoy desde este espacio p\u00fablico reiteramos que la comunidad universitaria no puede ni debe callar ante una imposici\u00f3n disfrazada de legalidad.<\/p>\n<p>Defender el esp\u00edritu de nuestras leyes es tambi\u00e9n proteger el futuro de las generaciones que vienen. No se trata de proyectos personales, no se trata de que los tres que estamos aqu\u00ed estemos buscando un espacio para lucirnos. Se trata de la universidad, se trata de principios y valores. No estamos aqu\u00ed, como ya lo dije, para promocionarse.<\/p>\n<p>Se trata de respetar los cauces leg\u00edtimos y desde y de resguardar el car\u00e1cter aut\u00f3nomo de la universidad, de no permitir que se impongan decisiones sin debate y sin consenso.<\/p>\n<p>Hacemos un claro, respetuoso y muy en\u00e9rgico llamado a la Junta de Gobierno para que rectifique. No es tarde para actuar con legalidad y restaurar la confianza que han quebrado. A la Junta le pedimos la revocaci\u00f3n del acuerdo que otorg\u00f3 la pr\u00f3rroga.<\/p>\n<p>No queremos un rector espurio a las autoridades estatales, a la sociedad civil, a quienes siguen creyendo en la educaci\u00f3n p\u00fablica como pilar de la transformaci\u00f3n, acomp\u00e1\u00f1enos en esta defensa. La Universidad Veracruzana no se construy\u00f3 en la complacencia, sino en la cr\u00edtica, el debate y el compromiso con la verdad.<\/p>\n<p>Finalmente cabe se\u00f1alar que despu\u00e9s de protestar en la Rector\u00eda de la UV, marcharon por las calles de la ciudad hasta llegar a las oficinas de la junta de gobierno en la Avenida Murillo Vidal donde por unos minutos bloquearon la circulaci\u00f3n en un carril, y antes de retirarse colocaron varios carteles afuera de las oficinas.<\/p>\n<p><img loading=\"lazy\" decoding=\"async\" class=\"aligncenter size-medium wp-image-68827\" src=\"https:\/\/encuentroinformativo.com.mx\/wp-content\/uploads\/2025\/06\/IMG-20250625-WA0207-300x169.jpg\" alt=\"\" width=\"300\" height=\"169\" srcset=\"https:\/\/encuentroinformativo.com.mx\/wp-content\/uploads\/2025\/06\/IMG-20250625-WA0207-300x169.jpg 300w, https:\/\/encuentroinformativo.com.mx\/wp-content\/uploads\/2025\/06\/IMG-20250625-WA0207-1024x576.jpg 1024w, https:\/\/encuentroinformativo.com.mx\/wp-content\/uploads\/2025\/06\/IMG-20250625-WA0207-768x432.jpg 768w, https:\/\/encuentroinformativo.com.mx\/wp-content\/uploads\/2025\/06\/IMG-20250625-WA0207-1536x864.jpg 1536w, https:\/\/encuentroinformativo.com.mx\/wp-content\/uploads\/2025\/06\/IMG-20250625-WA0207.jpg 1600w\" sizes=\"auto, (max-width: 300px) 100vw, 300px\" \/><\/p>\n","protected":false},"excerpt":{"rendered":"<p>Dar\u00edo Pale Xalapa, Ver.- Miembros de la comunidad universitaria se manifestaron en rector\u00eda y marcharon por las principales calles de la ciudad, para manifestar su inconformidad por la pr\u00f3rroga que otorgaron al rector de la Universidad Veracruzana Mart\u00edn Aguilar S\u00e1nchez. Durante la manifestaci\u00f3n realizaron varios pronunciamientos tanto catedr\u00e1ticos como de estudiantes, donde uno de ellos [&hellip;]<\/p>\n","protected":false},"author":2476,"featured_media":68826,"comment_status":"open","ping_status":"open","sticky":false,"template":"","format":"standard","meta":{"_jetpack_memberships_contains_paid_content":false,"footnotes":""},"categories":[3],"tags":[],"class_list":["post-68825","post","type-post","status-publish","format-standard","has-post-thumbnail","hentry","category-xalapa"],"jetpack_featured_media_url":"https:\/\/encuentroinformativo.com.mx\/wp-content\/uploads\/2025\/06\/IMG-20250625-WA0200.jpg","jetpack_sharing_enabled":true,"jetpack_likes_enabled":true,"amp_enabled":true,"_links":{"self":[{"href":"https:\/\/encuentroinformativo.com.mx\/index.php?rest_route=\/wp\/v2\/posts\/68825","targetHints":{"allow":["GET"]}}],"collection":[{"href":"https:\/\/encuentroinformativo.com.mx\/index.php?rest_route=\/wp\/v2\/posts"}],"about":[{"href":"https:\/\/encuentroinformativo.com.mx\/index.php?rest_route=\/wp\/v2\/types\/post"}],"author":[{"embeddable":true,"href":"https:\/\/encuentroinformativo.com.mx\/index.php?rest_route=\/wp\/v2\/users\/2476"}],"replies":[{"embeddable":true,"href":"https:\/\/encuentroinformativo.com.mx\/index.php?rest_route=%2Fwp%2Fv2%2Fcomments&post=68825"}],"version-history":[{"count":1,"href":"https:\/\/encuentroinformativo.com.mx\/index.php?rest_route=\/wp\/v2\/posts\/68825\/revisions"}],"predecessor-version":[{"id":68828,"href":"https:\/\/encuentroinformativo.com.mx\/index.php?rest_route=\/wp\/v2\/posts\/68825\/revisions\/68828"}],"wp:featuredmedia":[{"embeddable":true,"href":"https:\/\/encuentroinformativo.com.mx\/index.php?rest_route=\/wp\/v2\/media\/68826"}],"wp:attachment":[{"href":"https:\/\/encuentroinformativo.com.mx\/index.php?rest_route=%2Fwp%2Fv2%2Fmedia&parent=68825"}],"wp:term":[{"taxonomy":"category","embeddable":true,"href":"https:\/\/encuentroinformativo.com.mx\/index.php?rest_route=%2Fwp%2Fv2%2Fcategories&post=68825"},{"taxonomy":"post_tag","embeddable":true,"href":"https:\/\/encuentroinformativo.com.mx\/index.php?rest_route=%2Fwp%2Fv2%2Ftags&post=68825"}],"curies":[{"name":"wp","href":"https:\/\/api.w.org\/{rel}","templated":true}]}}