{"id":68832,"date":"2025-06-25T17:26:37","date_gmt":"2025-06-25T23:26:37","guid":{"rendered":"https:\/\/encuentroinformativo.com.mx\/?p=68832"},"modified":"2025-06-25T17:26:37","modified_gmt":"2025-06-25T23:26:37","slug":"anuncian-especial-sinfonico-hans-zimmer","status":"publish","type":"post","link":"https:\/\/encuentroinformativo.com.mx\/?p=68832","title":{"rendered":"Anuncian Especial Sinf\u00f3nico Hans Zimmer"},"content":{"rendered":"<p><strong>Dar\u00edo Pale<\/strong><\/p>\n<p>Xalapa, Ver.- Este mi\u00e9rcoles dieron a conocer el concierto de la Arts Orquesta M\u00e9xico: Especial Sinf\u00f3nico Hans Zimmer Vol. 1 The Greatest Legacy, el cual se realizar\u00e1 el pr\u00f3ximo s\u00e1bado 12 de julio en el Centro Cultural Tlaqn\u00e1.<\/p>\n<p>Al respecto, el director general de la Fundaci\u00f3n de la Universidad Veracruzana (UV), Facundo Pacheco, destac\u00f3 este concierto que se ofrecer\u00e1 en este recinto.<\/p>\n<p>En rueda de prensa, indic\u00f3 que adem\u00e1s con la presentaci\u00f3n de esta reconocida orquesta se realiza promoci\u00f3n de la cultura en el estado.<\/p>\n<p>Asimismo, dijo que este evento dejar\u00e1 tambi\u00e9n ganancias que se destinar\u00e1n a la Fundaci\u00f3n de la Universidad Veracruzana.<\/p>\n<p>Por su parte, el productor general y director de Arts Orquesta M\u00e9xico, Manuel Serna, precis\u00f3 que este espect\u00e1culo que se ofrece es uno de los productos a nivel nacional de uno de los colosos de la creaci\u00f3n de la industria cinematogr\u00e1fica hollywoodense, que es el maestro alem\u00e1n Hans Zimmer.<\/p>\n<p>Agreg\u00f3 adem\u00e1s que se trata de una selecci\u00f3n de obras como El Rey Le\u00f3n, Kung Fu Panda, Piratas del Caribe, Duna, Interestelar, Gladiador, entre otras.<\/p>\n<p>Coment\u00f3 tambi\u00e9n que el concierto estar\u00e1 a cargo de 50 m\u00fasicos destacados del Conservatorio Nacional de M\u00fasica, la Facultad de M\u00fasica de la UNAM y la Universidad de Guadalajara.<\/p>\n<p>Finalmente, dieron a conocer que los boletos se pueden adquirir en boletia.com y en la taquilla del recinto Tlaqn\u00e1.<\/p>\n","protected":false},"excerpt":{"rendered":"<p>Dar\u00edo Pale Xalapa, Ver.- Este mi\u00e9rcoles dieron a conocer el concierto de la Arts Orquesta M\u00e9xico: Especial Sinf\u00f3nico Hans Zimmer Vol. 1 The Greatest Legacy, el cual se realizar\u00e1 el pr\u00f3ximo s\u00e1bado 12 de julio en el Centro Cultural Tlaqn\u00e1. Al respecto, el director general de la Fundaci\u00f3n de la Universidad Veracruzana (UV), Facundo Pacheco, [&hellip;]<\/p>\n","protected":false},"author":2476,"featured_media":68833,"comment_status":"open","ping_status":"open","sticky":false,"template":"","format":"standard","meta":{"_jetpack_memberships_contains_paid_content":false,"footnotes":""},"categories":[3],"tags":[],"class_list":["post-68832","post","type-post","status-publish","format-standard","has-post-thumbnail","hentry","category-xalapa"],"jetpack_featured_media_url":"https:\/\/encuentroinformativo.com.mx\/wp-content\/uploads\/2025\/06\/IMG-20250625-WA0254.jpg","jetpack_sharing_enabled":true,"jetpack_likes_enabled":true,"amp_enabled":true,"_links":{"self":[{"href":"https:\/\/encuentroinformativo.com.mx\/index.php?rest_route=\/wp\/v2\/posts\/68832","targetHints":{"allow":["GET"]}}],"collection":[{"href":"https:\/\/encuentroinformativo.com.mx\/index.php?rest_route=\/wp\/v2\/posts"}],"about":[{"href":"https:\/\/encuentroinformativo.com.mx\/index.php?rest_route=\/wp\/v2\/types\/post"}],"author":[{"embeddable":true,"href":"https:\/\/encuentroinformativo.com.mx\/index.php?rest_route=\/wp\/v2\/users\/2476"}],"replies":[{"embeddable":true,"href":"https:\/\/encuentroinformativo.com.mx\/index.php?rest_route=%2Fwp%2Fv2%2Fcomments&post=68832"}],"version-history":[{"count":1,"href":"https:\/\/encuentroinformativo.com.mx\/index.php?rest_route=\/wp\/v2\/posts\/68832\/revisions"}],"predecessor-version":[{"id":68834,"href":"https:\/\/encuentroinformativo.com.mx\/index.php?rest_route=\/wp\/v2\/posts\/68832\/revisions\/68834"}],"wp:featuredmedia":[{"embeddable":true,"href":"https:\/\/encuentroinformativo.com.mx\/index.php?rest_route=\/wp\/v2\/media\/68833"}],"wp:attachment":[{"href":"https:\/\/encuentroinformativo.com.mx\/index.php?rest_route=%2Fwp%2Fv2%2Fmedia&parent=68832"}],"wp:term":[{"taxonomy":"category","embeddable":true,"href":"https:\/\/encuentroinformativo.com.mx\/index.php?rest_route=%2Fwp%2Fv2%2Fcategories&post=68832"},{"taxonomy":"post_tag","embeddable":true,"href":"https:\/\/encuentroinformativo.com.mx\/index.php?rest_route=%2Fwp%2Fv2%2Ftags&post=68832"}],"curies":[{"name":"wp","href":"https:\/\/api.w.org\/{rel}","templated":true}]}}