{"id":68835,"date":"2025-06-25T17:39:41","date_gmt":"2025-06-25T23:39:41","guid":{"rendered":"https:\/\/encuentroinformativo.com.mx\/?p=68835"},"modified":"2025-06-25T17:39:41","modified_gmt":"2025-06-25T23:39:41","slug":"localizan-cuerpo-de-iker-tras-3-dias-de-busqueda-en-alvarado","status":"publish","type":"post","link":"https:\/\/encuentroinformativo.com.mx\/?p=68835","title":{"rendered":"Localizan cuerpo de Iker tras 3 d\u00edas de b\u00fasqueda en Alvarado"},"content":{"rendered":"<p><strong>Alejandro \u00c1vila<\/strong><\/p>\n<p>Alvarado, Ver.- El cuerpo de Iker Alejandro V\u00e1zquez, joven de 16 a\u00f1os originario de C\u00f3rdoba, quien fuera arrastrado por la corriente en las playas de Mata de Uva en el municipio de Alvarado el pasado domingo, apareci\u00f3 flotando la ma\u00f1ana de este mi\u00e9rcoles 25 de junio en las aguas de la playa La Cava, justo donde se encuentra el barco abandonado Capri.<\/p>\n<p>El cuerpo fue avistado por pescadores de la zona, y ya se encontraba en la avanzado estado de descomposici\u00f3n; al sitio arribaron elementos de Protecci\u00f3n Civil del Ayuntamiento de Alvarado, Polic\u00eda Estatal y Ministeriales.<\/p>\n<p>Cabe mencionar que la b\u00fasqueda mar\u00edtima encabezada por la Secretar\u00eda de Marina y Capitan\u00eda del Puerto hab\u00eda sido suspendida durante este martes debido a las inclemencias del tiempo y retomadas hasta este mi\u00e9rcoles por la ma\u00f1ana, cuando horas m\u00e1s tarde el cuerpo sali\u00f3 a flote.<\/p>\n<p>El domingo 22 de junio, Iker ingres\u00f3 al mar en compa\u00f1\u00eda de su hermano, Diego de 13 a\u00f1os, y fueron arrastrados por la corriente, tras la alerta de su familia solo el menor de los j\u00f3venes pudo ser rescatado.<\/p>\n","protected":false},"excerpt":{"rendered":"<p>Alejandro \u00c1vila Alvarado, Ver.- El cuerpo de Iker Alejandro V\u00e1zquez, joven de 16 a\u00f1os originario de C\u00f3rdoba, quien fuera arrastrado por la corriente en las playas de Mata de Uva en el municipio de Alvarado el pasado domingo, apareci\u00f3 flotando la ma\u00f1ana de este mi\u00e9rcoles 25 de junio en las aguas de la playa La [&hellip;]<\/p>\n","protected":false},"author":2476,"featured_media":68837,"comment_status":"open","ping_status":"open","sticky":false,"template":"","format":"standard","meta":{"_jetpack_memberships_contains_paid_content":false,"footnotes":""},"categories":[2],"tags":[],"class_list":["post-68835","post","type-post","status-publish","format-standard","has-post-thumbnail","hentry","category-estado"],"jetpack_featured_media_url":"https:\/\/encuentroinformativo.com.mx\/wp-content\/uploads\/2025\/06\/Point-Blur_Jun252025_173720.jpg","jetpack_sharing_enabled":true,"jetpack_likes_enabled":true,"amp_enabled":true,"_links":{"self":[{"href":"https:\/\/encuentroinformativo.com.mx\/index.php?rest_route=\/wp\/v2\/posts\/68835","targetHints":{"allow":["GET"]}}],"collection":[{"href":"https:\/\/encuentroinformativo.com.mx\/index.php?rest_route=\/wp\/v2\/posts"}],"about":[{"href":"https:\/\/encuentroinformativo.com.mx\/index.php?rest_route=\/wp\/v2\/types\/post"}],"author":[{"embeddable":true,"href":"https:\/\/encuentroinformativo.com.mx\/index.php?rest_route=\/wp\/v2\/users\/2476"}],"replies":[{"embeddable":true,"href":"https:\/\/encuentroinformativo.com.mx\/index.php?rest_route=%2Fwp%2Fv2%2Fcomments&post=68835"}],"version-history":[{"count":2,"href":"https:\/\/encuentroinformativo.com.mx\/index.php?rest_route=\/wp\/v2\/posts\/68835\/revisions"}],"predecessor-version":[{"id":68839,"href":"https:\/\/encuentroinformativo.com.mx\/index.php?rest_route=\/wp\/v2\/posts\/68835\/revisions\/68839"}],"wp:featuredmedia":[{"embeddable":true,"href":"https:\/\/encuentroinformativo.com.mx\/index.php?rest_route=\/wp\/v2\/media\/68837"}],"wp:attachment":[{"href":"https:\/\/encuentroinformativo.com.mx\/index.php?rest_route=%2Fwp%2Fv2%2Fmedia&parent=68835"}],"wp:term":[{"taxonomy":"category","embeddable":true,"href":"https:\/\/encuentroinformativo.com.mx\/index.php?rest_route=%2Fwp%2Fv2%2Fcategories&post=68835"},{"taxonomy":"post_tag","embeddable":true,"href":"https:\/\/encuentroinformativo.com.mx\/index.php?rest_route=%2Fwp%2Fv2%2Ftags&post=68835"}],"curies":[{"name":"wp","href":"https:\/\/api.w.org\/{rel}","templated":true}]}}