{"id":6885,"date":"2020-10-14T10:42:16","date_gmt":"2020-10-14T15:42:16","guid":{"rendered":"https:\/\/encuentroinformativo.com.mx\/?p=6885"},"modified":"2020-10-14T10:42:19","modified_gmt":"2020-10-14T15:42:19","slug":"por-falta-de-agua-amagan-con-tomar-oficinas-de-caev-en-alvarado","status":"publish","type":"post","link":"https:\/\/encuentroinformativo.com.mx\/?p=6885","title":{"rendered":"Por falta de agua, amagan con tomar oficinas de CAEV en Alvarado"},"content":{"rendered":"\n<p><strong>Alejandro \u00c1vila<\/strong><br><br>Alvarado, Ver.- Seis colonias de la cabecera municipal de Alvarado sufre el desabasto de agua desde hace seis d\u00edas por la ruptura de una de las tuber\u00edas del Pozo 6, mismo que surte del l\u00edquido m\u00e1s de 3 mil familias.<\/p>\n\n\n\n<p>Las tuber\u00edas en Alvarado tienen m\u00e1s de 40 a\u00f1os y no han sido modernizadas por la Comisi\u00f3n del Agua del Estado de Veracruz (CAEV), por lo que sufren desde hace a\u00f1os de una gran crisis hidr\u00e1ulica y sanitaria; en este caso espec\u00edfico, CAEV argumenta que no han podido reparar la falla, pues no encuentran la pieza en el mercado.<\/p>\n\n\n\n<p>El ingeniero Erick Ayala Ferreira, uno de los afectados, explica que cada vez que hay un corte de energ\u00eda el\u00e9ctrica se corta el suministro de agua hac\u00eda un tanque elevado, el problema se da cuando regresa la luz pues la bomba se activa, empuja el agua hacia el pozo y este la regresa, lo que ocasiona un choque de presiones.<\/p>\n\n\n\n<p>\u201cLa situaci\u00f3n es que con ese choque de presiones o bien dicho t\u00e9cnicamente lo que es un golpe de ariete, las tuber\u00edas se truenan, estamos hablando de tuber\u00edas que son de asbesto, cemento, de hace 40 o 50 a\u00f1os, no aguantan la presi\u00f3n y revientan. Si hacemos un recorrido f\u00edsico por la calle donde va esa l\u00ednea, debe haber infinidades de parches en el concreto, que se han hecho para hacer las reparaciones, inclusive en \u00e1reas verdes, donde cruza la tuber\u00eda\u201d, detall\u00f3.<\/p>\n\n\n\n<p>Las colonias afectadas en este momento son: Aguacates, Vista Hermosa, Framboyanes, Luz del Carmen, Magisterio e INFONAVIT.<br>Los vecinos afectados, tuvieron una reuni\u00f3n con la representante de CAEV en Alvarado, Catalina Nicanor Valencia, quien les dijo que no hab\u00edan conseguido la pieza y ahora que la encontraron en Guadalajara, se podr\u00eda reparar todo hasta el pr\u00f3ximo viernes, si llega la pieza a tiempo.<\/p>\n\n\n\n<p>Los alvarade\u00f1os amenazan con tomar las instalaciones de la CAEV, pues este no es el \u00fanico problema, hace cinco meses se derrib\u00f3 el Pozo 1, lo cual ocasion\u00f3 una baja presi\u00f3n del agua en otras colonias de la cabecera municipal, pero es la fecha que no lo reparan, presuntamente, ser\u00e1 hasta la tercera semana de octubre cuando se instale la bomba nueva y se restablezca el servicio como antes.<\/p>\n","protected":false},"excerpt":{"rendered":"<p>Alejandro \u00c1vila Alvarado, Ver.- Seis colonias de la cabecera municipal de Alvarado sufre el desabasto de agua desde hace seis d\u00edas por la ruptura de una de las tuber\u00edas del Pozo 6, mismo que surte del l\u00edquido m\u00e1s de 3 mil familias. Las tuber\u00edas en Alvarado tienen m\u00e1s de 40 a\u00f1os y no han sido [&hellip;]<\/p>\n","protected":false},"author":1,"featured_media":6886,"comment_status":"open","ping_status":"open","sticky":false,"template":"","format":"standard","meta":{"_jetpack_memberships_contains_paid_content":false,"footnotes":""},"categories":[2],"tags":[],"class_list":["post-6885","post","type-post","status-publish","format-standard","has-post-thumbnail","hentry","category-estado"],"jetpack_featured_media_url":"https:\/\/encuentroinformativo.com.mx\/wp-content\/uploads\/2020\/10\/643F10B7-A1B6-44BB-B28C-C776BEE6524F.jpeg","jetpack_sharing_enabled":true,"jetpack_likes_enabled":true,"amp_enabled":true,"_links":{"self":[{"href":"https:\/\/encuentroinformativo.com.mx\/index.php?rest_route=\/wp\/v2\/posts\/6885","targetHints":{"allow":["GET"]}}],"collection":[{"href":"https:\/\/encuentroinformativo.com.mx\/index.php?rest_route=\/wp\/v2\/posts"}],"about":[{"href":"https:\/\/encuentroinformativo.com.mx\/index.php?rest_route=\/wp\/v2\/types\/post"}],"author":[{"embeddable":true,"href":"https:\/\/encuentroinformativo.com.mx\/index.php?rest_route=\/wp\/v2\/users\/1"}],"replies":[{"embeddable":true,"href":"https:\/\/encuentroinformativo.com.mx\/index.php?rest_route=%2Fwp%2Fv2%2Fcomments&post=6885"}],"version-history":[{"count":1,"href":"https:\/\/encuentroinformativo.com.mx\/index.php?rest_route=\/wp\/v2\/posts\/6885\/revisions"}],"predecessor-version":[{"id":6887,"href":"https:\/\/encuentroinformativo.com.mx\/index.php?rest_route=\/wp\/v2\/posts\/6885\/revisions\/6887"}],"wp:featuredmedia":[{"embeddable":true,"href":"https:\/\/encuentroinformativo.com.mx\/index.php?rest_route=\/wp\/v2\/media\/6886"}],"wp:attachment":[{"href":"https:\/\/encuentroinformativo.com.mx\/index.php?rest_route=%2Fwp%2Fv2%2Fmedia&parent=6885"}],"wp:term":[{"taxonomy":"category","embeddable":true,"href":"https:\/\/encuentroinformativo.com.mx\/index.php?rest_route=%2Fwp%2Fv2%2Fcategories&post=6885"},{"taxonomy":"post_tag","embeddable":true,"href":"https:\/\/encuentroinformativo.com.mx\/index.php?rest_route=%2Fwp%2Fv2%2Ftags&post=6885"}],"curies":[{"name":"wp","href":"https:\/\/api.w.org\/{rel}","templated":true}]}}